{"id":67220,"date":"2025-05-16T12:05:59","date_gmt":"2025-05-16T18:05:59","guid":{"rendered":"https:\/\/encuentroinformativo.com.mx\/?p=67220"},"modified":"2025-05-16T12:05:59","modified_gmt":"2025-05-16T18:05:59","slug":"familiares-denuncian-detencion-arbitraria-de-activista-en-xalapa","status":"publish","type":"post","link":"https:\/\/encuentroinformativo.com.mx\/?p=67220","title":{"rendered":"Familiares denuncian detenci\u00f3n arbitraria de activista en Xalapa"},"content":{"rendered":"<p><strong>Alejandro \u00c1vila<\/strong><\/p>\n<p>Veracruz, Ver.- Familiares y amigos de un activista identificado como Ignacio C\u00f3rdova tambi\u00e9n conocido como Bruthal Death en la ciudad de Xalapa, quien particip\u00f3 en el anti-homenaje al difunto gobernador Fidel Herrera Beltr\u00e1n, denunciaron su detenci\u00f3n y aparente desaparici\u00f3n por parte de las fuerzas del orden p\u00fablico.<\/p>\n<p>Los afectados se\u00f1alaron que desde el mediod\u00eda fue la \u00faltima vez que lo vieron cuando personal de la Secretar\u00eda de Seguridad P\u00fablica se lo llevaba detenido mientras caminaba sobre la avenida Orizaba.<\/p>\n<p>Sus familiares informaron que luego de que acudieron al Cuartel de San Jos\u00e9, los oficiales de guardia les dijeron que alrededor de las cuatro de la tarde ser\u00eda liberado, pero llegada la hora nunca sali\u00f3.<\/p>\n<p>Al volver a preguntar en las instalaciones, los elementos le dijeron que Ignacio C\u00f3rdova ser\u00eda puesto a disposici\u00f3n de la Fiscal\u00eda General del Estado para determinar la probable imputaci\u00f3n de alg\u00fan delito.<\/p>\n<p>Fue as\u00ed que acudieron a preguntar ante la mencionada representaci\u00f3n social pero tampoco les dieron pista de su paradero, por lo que ahora temen que est\u00e9 siendo v\u00edctima de torturas o hasta de desaparici\u00f3n forzada.<\/p>\n<p>Allegados al activista se\u00f1alaron que se trata de una persona que siempre ha acompa\u00f1ado en procesos de memoria, verdad y justicia junto a madres buscadoras en el estado de Veracruz, por lo que exigen su aparici\u00f3n con vida e informaci\u00f3n sobre su situaci\u00f3n jur\u00eddica.<\/p>\n","protected":false},"excerpt":{"rendered":"<p>Alejandro \u00c1vila Veracruz, Ver.- Familiares y amigos de un activista identificado como Ignacio C\u00f3rdova tambi\u00e9n conocido como Bruthal Death en la ciudad de Xalapa, quien particip\u00f3 en el anti-homenaje al difunto gobernador Fidel Herrera Beltr\u00e1n, denunciaron su detenci\u00f3n y aparente desaparici\u00f3n por parte de las fuerzas del orden p\u00fablico. Los afectados se\u00f1alaron que desde el [&hellip;]<\/p>\n","protected":false},"author":2476,"featured_media":67221,"comment_status":"open","ping_status":"open","sticky":false,"template":"","format":"standard","meta":{"_jetpack_memberships_contains_paid_content":false,"footnotes":""},"categories":[3],"tags":[],"class_list":["post-67220","post","type-post","status-publish","format-standard","has-post-thumbnail","hentry","category-xalapa"],"jetpack_featured_media_url":"https:\/\/encuentroinformativo.com.mx\/wp-content\/uploads\/2025\/05\/IMG-20250515-WA0368.jpg","jetpack_sharing_enabled":true,"jetpack_likes_enabled":true,"amp_enabled":true,"_links":{"self":[{"href":"https:\/\/encuentroinformativo.com.mx\/index.php?rest_route=\/wp\/v2\/posts\/67220","targetHints":{"allow":["GET"]}}],"collection":[{"href":"https:\/\/encuentroinformativo.com.mx\/index.php?rest_route=\/wp\/v2\/posts"}],"about":[{"href":"https:\/\/encuentroinformativo.com.mx\/index.php?rest_route=\/wp\/v2\/types\/post"}],"author":[{"embeddable":true,"href":"https:\/\/encuentroinformativo.com.mx\/index.php?rest_route=\/wp\/v2\/users\/2476"}],"replies":[{"embeddable":true,"href":"https:\/\/encuentroinformativo.com.mx\/index.php?rest_route=%2Fwp%2Fv2%2Fcomments&post=67220"}],"version-history":[{"count":2,"href":"https:\/\/encuentroinformativo.com.mx\/index.php?rest_route=\/wp\/v2\/posts\/67220\/revisions"}],"predecessor-version":[{"id":67223,"href":"https:\/\/encuentroinformativo.com.mx\/index.php?rest_route=\/wp\/v2\/posts\/67220\/revisions\/67223"}],"wp:featuredmedia":[{"embeddable":true,"href":"https:\/\/encuentroinformativo.com.mx\/index.php?rest_route=\/wp\/v2\/media\/67221"}],"wp:attachment":[{"href":"https:\/\/encuentroinformativo.com.mx\/index.php?rest_route=%2Fwp%2Fv2%2Fmedia&parent=67220"}],"wp:term":[{"taxonomy":"category","embeddable":true,"href":"https:\/\/encuentroinformativo.com.mx\/index.php?rest_route=%2Fwp%2Fv2%2Fcategories&post=67220"},{"taxonomy":"post_tag","embeddable":true,"href":"https:\/\/encuentroinformativo.com.mx\/index.php?rest_route=%2Fwp%2Fv2%2Ftags&post=67220"}],"curies":[{"name":"wp","href":"https:\/\/api.w.org\/{rel}","templated":true}]}}