{"id":67224,"date":"2025-05-16T12:13:04","date_gmt":"2025-05-16T18:13:04","guid":{"rendered":"https:\/\/encuentroinformativo.com.mx\/?p=67224"},"modified":"2025-05-16T12:13:04","modified_gmt":"2025-05-16T18:13:04","slug":"integrantes-de-la-compania-titular-de-teatro-uv-exigen-liberacion-de-ignacio-cordoba","status":"publish","type":"post","link":"https:\/\/encuentroinformativo.com.mx\/?p=67224","title":{"rendered":"Integrantes de la Compa\u00f1\u00eda Titular de Teatro UV exigen liberaci\u00f3n de Ignacio C\u00f3rdoba"},"content":{"rendered":"<p><strong>Redacci\u00f3n\u00a0<\/strong><\/p>\n<p>Xalapa, Ver.- Integrantes y artistas de la Compa\u00f1\u00eda Titular de Teatro de la Universidad Veracruzana realizaron una protesta este jueves para exigir la liberaci\u00f3n inmediata de Ignacio C\u00f3rdoba, detenido el 15 de mayo en circunstancias poco claras.<\/p>\n<p>Durante la manifestaci\u00f3n, las y los artistas expresaron su solidaridad con su colega, con pancartas y consignas como: \u201c\u00a1Ignacio C\u00f3rdoba no est\u00e1s solo!\u201d y \u201c\u00a1Exigimos su liberaci\u00f3n sano y salvo!\u201d. Denunciaron que su detenci\u00f3n ha estado marcada por irregularidades, pues tras ser presuntamente ubicado por el C4 en la colonia San Jos\u00e9, las autoridades negaron tener informaci\u00f3n sobre su paradero. Fue hasta la noche cuando se confirm\u00f3 que se encontraba en la Fiscal\u00eda de Las Trancas, donde permanec\u00eda detenido mientras se defin\u00eda su situaci\u00f3n jur\u00eddica.<\/p>\n<p>C\u00f3rdoba, conocido entre la comunidad art\u00edstica xalape\u00f1a como Nacho, colabor\u00f3 con la Compa\u00f1\u00eda Titular de Teatro UV en la puesta en escena El puro lugar durante 2015 y 2016, \u201cen un contexto de miedo y violencia que permeaba en todo momento y lugar\u201d, recordaron sus compa\u00f1eros. A pesar de ello, se\u00f1alan, Nacho acompa\u00f1\u00f3 casi todo el proceso creativo de aquella obra, por lo que ahora es momento de que la comunidad cultural le devuelva la solidaridad.<\/p>\n<p>\u201cApelamos por una cultura de paz y libre expresi\u00f3n\u201d, expresaron al final del acto, al tiempo que hicieron un llamado urgente a visibilizar el caso, exigir su presentaci\u00f3n con vida y garantizar el respeto a los derechos humanos.<\/p>\n<p>La comunidad universitaria y art\u00edstica se mantiene atenta al desarrollo del caso y no descarta nuevas acciones para exigir justicia.<\/p>\n","protected":false},"excerpt":{"rendered":"<p>Redacci\u00f3n\u00a0 Xalapa, Ver.- Integrantes y artistas de la Compa\u00f1\u00eda Titular de Teatro de la Universidad Veracruzana realizaron una protesta este jueves para exigir la liberaci\u00f3n inmediata de Ignacio C\u00f3rdoba, detenido el 15 de mayo en circunstancias poco claras. Durante la manifestaci\u00f3n, las y los artistas expresaron su solidaridad con su colega, con pancartas y consignas [&hellip;]<\/p>\n","protected":false},"author":2476,"featured_media":67225,"comment_status":"open","ping_status":"open","sticky":false,"template":"","format":"standard","meta":{"_jetpack_memberships_contains_paid_content":false,"footnotes":""},"categories":[3],"tags":[],"class_list":["post-67224","post","type-post","status-publish","format-standard","has-post-thumbnail","hentry","category-xalapa"],"jetpack_featured_media_url":"https:\/\/encuentroinformativo.com.mx\/wp-content\/uploads\/2025\/05\/IMG-20250516-WA00922.jpg","jetpack_sharing_enabled":true,"jetpack_likes_enabled":true,"amp_enabled":true,"_links":{"self":[{"href":"https:\/\/encuentroinformativo.com.mx\/index.php?rest_route=\/wp\/v2\/posts\/67224","targetHints":{"allow":["GET"]}}],"collection":[{"href":"https:\/\/encuentroinformativo.com.mx\/index.php?rest_route=\/wp\/v2\/posts"}],"about":[{"href":"https:\/\/encuentroinformativo.com.mx\/index.php?rest_route=\/wp\/v2\/types\/post"}],"author":[{"embeddable":true,"href":"https:\/\/encuentroinformativo.com.mx\/index.php?rest_route=\/wp\/v2\/users\/2476"}],"replies":[{"embeddable":true,"href":"https:\/\/encuentroinformativo.com.mx\/index.php?rest_route=%2Fwp%2Fv2%2Fcomments&post=67224"}],"version-history":[{"count":1,"href":"https:\/\/encuentroinformativo.com.mx\/index.php?rest_route=\/wp\/v2\/posts\/67224\/revisions"}],"predecessor-version":[{"id":67226,"href":"https:\/\/encuentroinformativo.com.mx\/index.php?rest_route=\/wp\/v2\/posts\/67224\/revisions\/67226"}],"wp:featuredmedia":[{"embeddable":true,"href":"https:\/\/encuentroinformativo.com.mx\/index.php?rest_route=\/wp\/v2\/media\/67225"}],"wp:attachment":[{"href":"https:\/\/encuentroinformativo.com.mx\/index.php?rest_route=%2Fwp%2Fv2%2Fmedia&parent=67224"}],"wp:term":[{"taxonomy":"category","embeddable":true,"href":"https:\/\/encuentroinformativo.com.mx\/index.php?rest_route=%2Fwp%2Fv2%2Fcategories&post=67224"},{"taxonomy":"post_tag","embeddable":true,"href":"https:\/\/encuentroinformativo.com.mx\/index.php?rest_route=%2Fwp%2Fv2%2Ftags&post=67224"}],"curies":[{"name":"wp","href":"https:\/\/api.w.org\/{rel}","templated":true}]}}