{"id":67227,"date":"2025-05-16T12:47:00","date_gmt":"2025-05-16T18:47:00","guid":{"rendered":"https:\/\/encuentroinformativo.com.mx\/?p=67227"},"modified":"2025-05-16T12:47:00","modified_gmt":"2025-05-16T18:47:00","slug":"presume-luisa-maria-alcalde-encuestas-de-veracruz-puerto","status":"publish","type":"post","link":"https:\/\/encuentroinformativo.com.mx\/?p=67227","title":{"rendered":"Presume Luisa Mar\u00eda Alcalde encuestas de Veracruz Puerto\u00a0"},"content":{"rendered":"<p><strong>Alejandro \u00c1vila<\/strong><\/p>\n<p>Veracruz, Ver.- Durante una reciente emisi\u00f3n del podcast <em>La Moreniza,<\/em> la presidenta nacional de Morena, Luisa Mar\u00eda Alcalde Luj\u00e1n, destac\u00f3 los resultados de una encuesta que coloca a Rosa Mar\u00eda Hern\u00e1ndez Espejo con un 53 por ciento de las preferencias electorales rumbo a la alcald\u00eda del puerto de Veracruz, una ventaja que calific\u00f3 como \u201cbrutal\u201d.<\/p>\n<p>Acompa\u00f1ada por la senadora Ver\u00f3nica Camino Farjat, el escritor Pedro Miguel y la secretaria de Comunicaci\u00f3n de Morena, Camila Mart\u00ednez, Alcalde Luj\u00e1n se\u00f1al\u00f3 que \u201cen el puerto de Veracruz no ha llegado la transformaci\u00f3n, siguen gobernando los mismos de siempre\u201d, y subray\u00f3 que Rosa Mar\u00eda representa una opci\u00f3n real de cambio, nacida desde las bases del movimiento.<\/p>\n<p>Tambi\u00e9n resalt\u00f3 el perfil de la candidata al describirla como \u201cuna compa\u00f1era de base, que viene de toda la vida en nuestro movimiento\u201d, y reiter\u00f3 que su ventaja en las encuestas representa no solo el respaldo ciudadano, sino el reconocimiento a una trayectoria congruente dentro de la Cuarta Transformaci\u00f3n.<\/p>\n","protected":false},"excerpt":{"rendered":"<p>Alejandro \u00c1vila Veracruz, Ver.- Durante una reciente emisi\u00f3n del podcast La Moreniza, la presidenta nacional de Morena, Luisa Mar\u00eda Alcalde Luj\u00e1n, destac\u00f3 los resultados de una encuesta que coloca a Rosa Mar\u00eda Hern\u00e1ndez Espejo con un 53 por ciento de las preferencias electorales rumbo a la alcald\u00eda del puerto de Veracruz, una ventaja que calific\u00f3 [&hellip;]<\/p>\n","protected":false},"author":2476,"featured_media":67228,"comment_status":"open","ping_status":"open","sticky":false,"template":"","format":"standard","meta":{"_jetpack_memberships_contains_paid_content":false,"footnotes":""},"categories":[2],"tags":[],"class_list":["post-67227","post","type-post","status-publish","format-standard","has-post-thumbnail","hentry","category-estado"],"jetpack_featured_media_url":"https:\/\/encuentroinformativo.com.mx\/wp-content\/uploads\/2025\/05\/IMG-20250516-WA0104.jpg","jetpack_sharing_enabled":true,"jetpack_likes_enabled":true,"amp_enabled":true,"_links":{"self":[{"href":"https:\/\/encuentroinformativo.com.mx\/index.php?rest_route=\/wp\/v2\/posts\/67227","targetHints":{"allow":["GET"]}}],"collection":[{"href":"https:\/\/encuentroinformativo.com.mx\/index.php?rest_route=\/wp\/v2\/posts"}],"about":[{"href":"https:\/\/encuentroinformativo.com.mx\/index.php?rest_route=\/wp\/v2\/types\/post"}],"author":[{"embeddable":true,"href":"https:\/\/encuentroinformativo.com.mx\/index.php?rest_route=\/wp\/v2\/users\/2476"}],"replies":[{"embeddable":true,"href":"https:\/\/encuentroinformativo.com.mx\/index.php?rest_route=%2Fwp%2Fv2%2Fcomments&post=67227"}],"version-history":[{"count":1,"href":"https:\/\/encuentroinformativo.com.mx\/index.php?rest_route=\/wp\/v2\/posts\/67227\/revisions"}],"predecessor-version":[{"id":67229,"href":"https:\/\/encuentroinformativo.com.mx\/index.php?rest_route=\/wp\/v2\/posts\/67227\/revisions\/67229"}],"wp:featuredmedia":[{"embeddable":true,"href":"https:\/\/encuentroinformativo.com.mx\/index.php?rest_route=\/wp\/v2\/media\/67228"}],"wp:attachment":[{"href":"https:\/\/encuentroinformativo.com.mx\/index.php?rest_route=%2Fwp%2Fv2%2Fmedia&parent=67227"}],"wp:term":[{"taxonomy":"category","embeddable":true,"href":"https:\/\/encuentroinformativo.com.mx\/index.php?rest_route=%2Fwp%2Fv2%2Fcategories&post=67227"},{"taxonomy":"post_tag","embeddable":true,"href":"https:\/\/encuentroinformativo.com.mx\/index.php?rest_route=%2Fwp%2Fv2%2Ftags&post=67227"}],"curies":[{"name":"wp","href":"https:\/\/api.w.org\/{rel}","templated":true}]}}