{"id":67233,"date":"2025-05-16T15:04:33","date_gmt":"2025-05-16T21:04:33","guid":{"rendered":"https:\/\/encuentroinformativo.com.mx\/?p=67233"},"modified":"2025-05-16T15:04:33","modified_gmt":"2025-05-16T21:04:33","slug":"maestros-normalistas-esperan-pago-de-estimulo-al-desempeno-docente","status":"publish","type":"post","link":"https:\/\/encuentroinformativo.com.mx\/?p=67233","title":{"rendered":"Maestros normalistas esperan pago de Est\u00edmulo al Desempe\u00f1o Docente"},"content":{"rendered":"<p><strong>Dar\u00edo Pale<\/strong><\/p>\n<p>Xalapa, Ver.- El director de la Benem\u00e9rita Escuela Normal Veracruzana Enrique C. R\u00e9bsamen, Gerardo G\u00f3mez Salas dio a conocer que son 31 docentes los que no han recibido el pago del Est\u00edmulo al Desempe\u00f1o Docente (EDD), pero eso no le corresponde a la Instituci\u00f3n.<\/p>\n<p>En entrevista se\u00f1al\u00f3 que sali\u00f3 una convocatoria donde participaron entre 36 y 37 maestros y solo 31 lograron obtener el beneficio del programa, el pago del primer cuatrimestre que comprende los meses de enero, febrero, marzo y abril ya les debi\u00f3 de haber llegado y no fue as\u00ed.<\/p>\n<p>\u201cSali\u00f3 la convocatoria, concursaron docentes y alrededor de 31 docentes son los que obtuvieron un beneficio y es un pago que ya se realizaron las cuestiones, la realiz\u00f3 la Direcci\u00f3n de Educaci\u00f3n Normal en tiempo y forma y bueno, est\u00e1n esperando el pago\u201d, se\u00f1al\u00f3.<\/p>\n<p>\u201cFueron 36 no tengo el dato exacto, pero fueron 36 o 37 y aprobaron 31 bueno, no aprobaron, fueron beneficiados 31 con este programa y son los que est\u00e1n exigiendo este S\u00ed, son los que est\u00e1n exigiendo este pago del programa EDD\u201d, agreg\u00f3.<\/p>\n<p>Dijo que ese fue el motivo por el cual colocaron la lona en la entrada de la BENV, pero no es un tr\u00e1mite de la Benem\u00e9rita Escuela Normal Veracruzana, el pago es por cuatrimestre que corresponder\u00eda a los meses de enero, febrero, marzo y abril.<\/p>\n<p>\u201cTampoco pasa por la normal, entonces eso solamente los docentes saben exactamente los datos\u201d, coment\u00f3.<\/p>\n<p>En otro orden de ideas en lo que se refiere al inicio del nuevo ciclo escolar dijo que est\u00e1n emocionados luchando, organizando y listos, contin\u00faan ofertando 360 lugares no les han incrementado el numero de matriculas ya que esas son autorizadas UPS y el gobierno del estado a traves de los procesos de planeaci\u00f3n.<\/p>\n<p>En cuanto a los egresados coment\u00f3 que ya todos presentaron los ex\u00e1menes y se maneja a trav\u00e9s de la USICAMM para este a\u00f1o todav\u00eda, ya entregaron la documentaci\u00f3n, presentaron las experiencias y est\u00e1n en proceso de ser designados de los resultados.<\/p>\n<p>Finalmente dio a conocer que considera que el a\u00f1o pasado fue un 90 por ciento los que fueron aceptados y fueron beneficiados con una plaza y esperan que este a\u00f1o sea el mismo resultado.<\/p>\n","protected":false},"excerpt":{"rendered":"<p>Dar\u00edo Pale Xalapa, Ver.- El director de la Benem\u00e9rita Escuela Normal Veracruzana Enrique C. R\u00e9bsamen, Gerardo G\u00f3mez Salas dio a conocer que son 31 docentes los que no han recibido el pago del Est\u00edmulo al Desempe\u00f1o Docente (EDD), pero eso no le corresponde a la Instituci\u00f3n. En entrevista se\u00f1al\u00f3 que sali\u00f3 una convocatoria donde participaron [&hellip;]<\/p>\n","protected":false},"author":2476,"featured_media":67234,"comment_status":"open","ping_status":"open","sticky":false,"template":"","format":"standard","meta":{"_jetpack_memberships_contains_paid_content":false,"footnotes":""},"categories":[3],"tags":[],"class_list":["post-67233","post","type-post","status-publish","format-standard","has-post-thumbnail","hentry","category-xalapa"],"jetpack_featured_media_url":"https:\/\/encuentroinformativo.com.mx\/wp-content\/uploads\/2025\/05\/IMG-20250516-WA0165.jpg","jetpack_sharing_enabled":true,"jetpack_likes_enabled":true,"amp_enabled":true,"_links":{"self":[{"href":"https:\/\/encuentroinformativo.com.mx\/index.php?rest_route=\/wp\/v2\/posts\/67233","targetHints":{"allow":["GET"]}}],"collection":[{"href":"https:\/\/encuentroinformativo.com.mx\/index.php?rest_route=\/wp\/v2\/posts"}],"about":[{"href":"https:\/\/encuentroinformativo.com.mx\/index.php?rest_route=\/wp\/v2\/types\/post"}],"author":[{"embeddable":true,"href":"https:\/\/encuentroinformativo.com.mx\/index.php?rest_route=\/wp\/v2\/users\/2476"}],"replies":[{"embeddable":true,"href":"https:\/\/encuentroinformativo.com.mx\/index.php?rest_route=%2Fwp%2Fv2%2Fcomments&post=67233"}],"version-history":[{"count":1,"href":"https:\/\/encuentroinformativo.com.mx\/index.php?rest_route=\/wp\/v2\/posts\/67233\/revisions"}],"predecessor-version":[{"id":67235,"href":"https:\/\/encuentroinformativo.com.mx\/index.php?rest_route=\/wp\/v2\/posts\/67233\/revisions\/67235"}],"wp:featuredmedia":[{"embeddable":true,"href":"https:\/\/encuentroinformativo.com.mx\/index.php?rest_route=\/wp\/v2\/media\/67234"}],"wp:attachment":[{"href":"https:\/\/encuentroinformativo.com.mx\/index.php?rest_route=%2Fwp%2Fv2%2Fmedia&parent=67233"}],"wp:term":[{"taxonomy":"category","embeddable":true,"href":"https:\/\/encuentroinformativo.com.mx\/index.php?rest_route=%2Fwp%2Fv2%2Fcategories&post=67233"},{"taxonomy":"post_tag","embeddable":true,"href":"https:\/\/encuentroinformativo.com.mx\/index.php?rest_route=%2Fwp%2Fv2%2Ftags&post=67233"}],"curies":[{"name":"wp","href":"https:\/\/api.w.org\/{rel}","templated":true}]}}