{"id":67242,"date":"2025-05-17T14:13:15","date_gmt":"2025-05-17T20:13:15","guid":{"rendered":"https:\/\/encuentroinformativo.com.mx\/?p=67242"},"modified":"2025-05-17T14:13:15","modified_gmt":"2025-05-17T20:13:15","slug":"con-protestas-vecinos-reclaman-abasto-de-agua","status":"publish","type":"post","link":"https:\/\/encuentroinformativo.com.mx\/?p=67242","title":{"rendered":"Con protestas, vecinos reclaman abasto de agua"},"content":{"rendered":"<p><strong>Dar\u00edo Pale<\/strong><\/p>\n<p>Xalapa, Ver.- Debido a que llevan m\u00e1s de 15 d\u00edas sin agua vecinos de la colonia Francisco Ferrer Guardia cerraron la Avenida Ruiz Cortinez a la altura de la prolongaci\u00f3n Francisco Navarrete.<\/p>\n<p>Vecinos de la Colonia Francisco Ferrer Guardia bloquearon la avenida Ruiz Cortinez donde colocaron un mecate con una cinta roja para impedir el paso vehicular en ambos sentidos, donde colocaron carteles.<\/p>\n<p>Los vecinos se\u00f1alaron que tienen m\u00e1s de 15 d\u00edas sin el vital l\u00edquido, por lo que solicitaron la intervenci\u00f3n de CMAS-Xalapa para que los abastezcan de forma adecuada del agua.<\/p>\n<p>En un cart\u00f3n que colocaron tiene la siguiente leyenda: \u201cQueremos el agua llevamos 15 d\u00edas sin agua\u201d, \u201cExigimos una soluci\u00f3n inmediata al problema del agua llevamos 15 d\u00edas sin servicio\u201d.<\/p>\n<p>Cabe se\u00f1alar que posteriormente arribaron al lugar personal de CMAS-Xalapa a dialogar con los manifestantes y despu\u00e9s de llegar a un acuerdo con los manifestantes liberaron la vialidad.<\/p>\n<p><img loading=\"lazy\" decoding=\"async\" class=\"alignnone size-medium wp-image-67244\" src=\"https:\/\/encuentroinformativo.com.mx\/wp-content\/uploads\/2025\/05\/IMG-20250517-WA0067-300x225.jpg\" alt=\"\" width=\"300\" height=\"225\" srcset=\"https:\/\/encuentroinformativo.com.mx\/wp-content\/uploads\/2025\/05\/IMG-20250517-WA0067-300x225.jpg 300w, https:\/\/encuentroinformativo.com.mx\/wp-content\/uploads\/2025\/05\/IMG-20250517-WA0067-1024x768.jpg 1024w, https:\/\/encuentroinformativo.com.mx\/wp-content\/uploads\/2025\/05\/IMG-20250517-WA0067-768x576.jpg 768w, https:\/\/encuentroinformativo.com.mx\/wp-content\/uploads\/2025\/05\/IMG-20250517-WA0067-1536x1152.jpg 1536w, https:\/\/encuentroinformativo.com.mx\/wp-content\/uploads\/2025\/05\/IMG-20250517-WA0067.jpg 1600w\" sizes=\"auto, (max-width: 300px) 100vw, 300px\" \/><\/p>\n","protected":false},"excerpt":{"rendered":"<p>Dar\u00edo Pale Xalapa, Ver.- Debido a que llevan m\u00e1s de 15 d\u00edas sin agua vecinos de la colonia Francisco Ferrer Guardia cerraron la Avenida Ruiz Cortinez a la altura de la prolongaci\u00f3n Francisco Navarrete. Vecinos de la Colonia Francisco Ferrer Guardia bloquearon la avenida Ruiz Cortinez donde colocaron un mecate con una cinta roja para [&hellip;]<\/p>\n","protected":false},"author":2476,"featured_media":67243,"comment_status":"open","ping_status":"open","sticky":false,"template":"","format":"standard","meta":{"_jetpack_memberships_contains_paid_content":false,"footnotes":""},"categories":[3],"tags":[],"class_list":["post-67242","post","type-post","status-publish","format-standard","has-post-thumbnail","hentry","category-xalapa"],"jetpack_featured_media_url":"https:\/\/encuentroinformativo.com.mx\/wp-content\/uploads\/2025\/05\/IMG-20250517-WA0066.jpg","jetpack_sharing_enabled":true,"jetpack_likes_enabled":true,"amp_enabled":true,"_links":{"self":[{"href":"https:\/\/encuentroinformativo.com.mx\/index.php?rest_route=\/wp\/v2\/posts\/67242","targetHints":{"allow":["GET"]}}],"collection":[{"href":"https:\/\/encuentroinformativo.com.mx\/index.php?rest_route=\/wp\/v2\/posts"}],"about":[{"href":"https:\/\/encuentroinformativo.com.mx\/index.php?rest_route=\/wp\/v2\/types\/post"}],"author":[{"embeddable":true,"href":"https:\/\/encuentroinformativo.com.mx\/index.php?rest_route=\/wp\/v2\/users\/2476"}],"replies":[{"embeddable":true,"href":"https:\/\/encuentroinformativo.com.mx\/index.php?rest_route=%2Fwp%2Fv2%2Fcomments&post=67242"}],"version-history":[{"count":1,"href":"https:\/\/encuentroinformativo.com.mx\/index.php?rest_route=\/wp\/v2\/posts\/67242\/revisions"}],"predecessor-version":[{"id":67245,"href":"https:\/\/encuentroinformativo.com.mx\/index.php?rest_route=\/wp\/v2\/posts\/67242\/revisions\/67245"}],"wp:featuredmedia":[{"embeddable":true,"href":"https:\/\/encuentroinformativo.com.mx\/index.php?rest_route=\/wp\/v2\/media\/67243"}],"wp:attachment":[{"href":"https:\/\/encuentroinformativo.com.mx\/index.php?rest_route=%2Fwp%2Fv2%2Fmedia&parent=67242"}],"wp:term":[{"taxonomy":"category","embeddable":true,"href":"https:\/\/encuentroinformativo.com.mx\/index.php?rest_route=%2Fwp%2Fv2%2Fcategories&post=67242"},{"taxonomy":"post_tag","embeddable":true,"href":"https:\/\/encuentroinformativo.com.mx\/index.php?rest_route=%2Fwp%2Fv2%2Ftags&post=67242"}],"curies":[{"name":"wp","href":"https:\/\/api.w.org\/{rel}","templated":true}]}}