{"id":67246,"date":"2025-05-17T14:19:14","date_gmt":"2025-05-17T20:19:14","guid":{"rendered":"https:\/\/encuentroinformativo.com.mx\/?p=67246"},"modified":"2025-05-17T14:19:14","modified_gmt":"2025-05-17T20:19:14","slug":"los-gobiernos-del-verde-en-veracruz-son-solidos-javier-herrera","status":"publish","type":"post","link":"https:\/\/encuentroinformativo.com.mx\/?p=67246","title":{"rendered":"Los gobiernos del Verde en Veracruz son s\u00f3lidos: Javier Herrera"},"content":{"rendered":"<p><strong>Alejandro \u00c1vila<\/strong><\/p>\n<p>Boca del R\u00edo, Ver.- El secretario de organizaci\u00f3n del Comit\u00e9 Ejecutivo Nacional (CEN) del Partido Verde Ecologista de M\u00e9xico (PVEM), Javier Herrera Borunda asegur\u00f3 que, los municipios que preside una administraci\u00f3n del Verde son s\u00f3lidos, por lo cual, a todos sus abanderados en la entidad veracruzana es la propia ciudadan\u00eda quien los est\u00e1 cuidando ante esta ola de inseguridad.<\/p>\n<p>&#8220;Es un crecimiento exponencial el que est\u00e1 teniendo el Verde y no es producto de un fen\u00f3meno, es producto de un buen trabajo que se hizo previo a esta elecci\u00f3n, de muchos a\u00f1os antes, donde la dirigencia estatal encabezada por Edgar Herrera Lentechy, desde el proceso pasado que fue el proceso federal, fuimos preguntando en cada colonia en cada calle en cada rinc\u00f3n qui\u00e9nes eran los mejores perfiles, por eso es que tambi\u00e9n te puedo decir que el Verde no ha tenido problemas, a nuestros candidatos la gente los reconoce, los quiere y sabe que son buenas personas, estamos caminando bien y ante estas olas de posible inseguridad, el candidato del Verde es muy ciudadano, muy consciente de su entorno y la gente lo est\u00e1 cuidando&#8221;, expres\u00f3.<\/p>\n<p>Javier Herrera estuvo de visita en el puerto de Veracruz, pues este fin de semana recorrer\u00e1 en compa\u00f1\u00eda de sus candidatos los municipios de Alvarado, Medell\u00edn de Bravo y Soledad de Doblado, donde mencion\u00f3 que llevan los mejores n\u00fameros e intenci\u00f3n de voto para lograr el triunfo el pr\u00f3ximo 1 de junio.<\/p>\n<p>&#8220;Estamos entrando ya en la \u00faltima etapa de las campa\u00f1as, estamos pr\u00e1cticamente a dos fines de semana, el pr\u00f3ximo fin de semana ya se har\u00e1n los cierres, y te puedo decir, el Verde ha hecho unas campa\u00f1as llenas de propuestas, una campa\u00f1a donde adem\u00e1s no respaldan buenos gobiernos, el caso de Alvarado donde el antecedente del gobierno Verde es s\u00f3lido, el caso de Medell\u00edn donde el antecedente del gobierno Verde es s\u00f3lido, y en ambos lados, y tambi\u00e9n en Soledad de Doblado, donde el antecedente del gobierno Verde es s\u00f3lido, el d\u00eda de hoy se van a refrendar esos compromisos que tiene el Verde con la poblaci\u00f3n, donde tenemos mujeres y hombres valiosos&#8221;, subray\u00f3.<\/p>\n<p>Finalmente, el tambi\u00e9n diputado federal reconoci\u00f3 el respaldo que ha dado la presidenta, Claudia Sheinbaum Pardo, a la gobernadora, Roc\u00edo Nahle Garc\u00eda y, en general, al Estado de Veracruz durante este mes de mayo, donde se han suscitado algunos hechos violentos<\/p>\n<p>&#8220;Primero que nada lamentable los hechos de violencia que sucedieron en el caso de Texistepec, fue algo dr\u00e1stico y feo, pero la reacci\u00f3n de la gobernadora es excepcional, la gobernadora en una coordinaci\u00f3n que tiene con el Gobierno Federal, inmediatamente Gobierno Federal respalda con m\u00e1s de 3 500 elementos que mand\u00f3 Harfuch. Esto es a la coordinaci\u00f3n que nosotros tambi\u00e9n aspiramos en el Verde, por eso es que tambi\u00e9n creemos que no se tiene que ser opositor, si no trabajar con todos los \u00f3rdenes de gobierno, las propuestas del Verde no destruyen construyen, y aspiran a tener una coordinaci\u00f3n desde lo municipal a lo estatal y la presidencia, el Verde tambi\u00e9n es parte del proyecto de la 4T&#8221;, resalt\u00f3.<\/p>\n","protected":false},"excerpt":{"rendered":"<p>Alejandro \u00c1vila Boca del R\u00edo, Ver.- El secretario de organizaci\u00f3n del Comit\u00e9 Ejecutivo Nacional (CEN) del Partido Verde Ecologista de M\u00e9xico (PVEM), Javier Herrera Borunda asegur\u00f3 que, los municipios que preside una administraci\u00f3n del Verde son s\u00f3lidos, por lo cual, a todos sus abanderados en la entidad veracruzana es la propia ciudadan\u00eda quien los est\u00e1 [&hellip;]<\/p>\n","protected":false},"author":2476,"featured_media":67247,"comment_status":"open","ping_status":"open","sticky":false,"template":"","format":"standard","meta":{"_jetpack_memberships_contains_paid_content":false,"footnotes":""},"categories":[2],"tags":[],"class_list":["post-67246","post","type-post","status-publish","format-standard","has-post-thumbnail","hentry","category-estado"],"jetpack_featured_media_url":"https:\/\/encuentroinformativo.com.mx\/wp-content\/uploads\/2025\/05\/IMG-20250517-WA0095.jpg","jetpack_sharing_enabled":true,"jetpack_likes_enabled":true,"amp_enabled":true,"_links":{"self":[{"href":"https:\/\/encuentroinformativo.com.mx\/index.php?rest_route=\/wp\/v2\/posts\/67246","targetHints":{"allow":["GET"]}}],"collection":[{"href":"https:\/\/encuentroinformativo.com.mx\/index.php?rest_route=\/wp\/v2\/posts"}],"about":[{"href":"https:\/\/encuentroinformativo.com.mx\/index.php?rest_route=\/wp\/v2\/types\/post"}],"author":[{"embeddable":true,"href":"https:\/\/encuentroinformativo.com.mx\/index.php?rest_route=\/wp\/v2\/users\/2476"}],"replies":[{"embeddable":true,"href":"https:\/\/encuentroinformativo.com.mx\/index.php?rest_route=%2Fwp%2Fv2%2Fcomments&post=67246"}],"version-history":[{"count":1,"href":"https:\/\/encuentroinformativo.com.mx\/index.php?rest_route=\/wp\/v2\/posts\/67246\/revisions"}],"predecessor-version":[{"id":67248,"href":"https:\/\/encuentroinformativo.com.mx\/index.php?rest_route=\/wp\/v2\/posts\/67246\/revisions\/67248"}],"wp:featuredmedia":[{"embeddable":true,"href":"https:\/\/encuentroinformativo.com.mx\/index.php?rest_route=\/wp\/v2\/media\/67247"}],"wp:attachment":[{"href":"https:\/\/encuentroinformativo.com.mx\/index.php?rest_route=%2Fwp%2Fv2%2Fmedia&parent=67246"}],"wp:term":[{"taxonomy":"category","embeddable":true,"href":"https:\/\/encuentroinformativo.com.mx\/index.php?rest_route=%2Fwp%2Fv2%2Fcategories&post=67246"},{"taxonomy":"post_tag","embeddable":true,"href":"https:\/\/encuentroinformativo.com.mx\/index.php?rest_route=%2Fwp%2Fv2%2Ftags&post=67246"}],"curies":[{"name":"wp","href":"https:\/\/api.w.org\/{rel}","templated":true}]}}