{"id":67249,"date":"2025-05-17T14:25:33","date_gmt":"2025-05-17T20:25:33","guid":{"rendered":"https:\/\/encuentroinformativo.com.mx\/?p=67249"},"modified":"2025-05-17T14:25:33","modified_gmt":"2025-05-17T20:25:33","slug":"agradece-rocio-nahle-apoyo-y-coordinacion-de-la-federacion","status":"publish","type":"post","link":"https:\/\/encuentroinformativo.com.mx\/?p=67249","title":{"rendered":"Agradece Roc\u00edo Nahle apoyo y coordinaci\u00f3n de la federaci\u00f3n\u00a0"},"content":{"rendered":"<p><strong>Alejandro \u00c1vila<\/strong><\/p>\n<p>Veracruz, Ver.- La gobernadora, Roc\u00edo Nahle Garc\u00eda mencion\u00f3 que en la segunda quincena del mes de mayo dar\u00e1 un porcentaje de las carpetas de investigaci\u00f3n que se han abierto en la Fiscal\u00eda de Veracruz y que se han resuelto durante su administraci\u00f3n.<\/p>\n<p>&#8220;Todas las denuncias que se presentan en la Fiscal\u00eda, todos los casos se abre el expediente y se persigue, voy a dar un porcentaje yo creo que esta semana de todos los casos que resolvemos, todos si tienen orden de aprehensi\u00f3n se buscan las personas porque muchos salen del territorio y se hace con las dem\u00e1s fiscal\u00edas la colaboraci\u00f3n, todo se est\u00e1 atendiendo, todo&#8221;, expres\u00f3.<\/p>\n<p>En breve entrevista realizada en conocido caf\u00e9 del municipio de Boca del R\u00edo la ma\u00f1ana de este s\u00e1bado, la Ejecutiva Estatal se dijo muy contenta del apoyo que ha recibido por parte de la presidenta, Claudia Sheinbaum Pardo y, del secretario de Seguridad y Protecci\u00f3n Ciudadana, Omar Garc\u00eda Harfuch para cuidar el proceso electoral de Veracruz.<\/p>\n<p>&#8220;Estoy muy contenta, la presidenta y la federaci\u00f3n apoyando con todo a Veracruz, nada m\u00e1s Veracruz y Durango tienen elecciones y son a los dos estados que est\u00e1n apoyando porque los \u00e1nimos se calientan en los t\u00e9rminos municipales, y yo pues muy agradecida y muy contenta&#8221;, subray\u00f3.<\/p>\n<p>Finalmente puntualiz\u00f3 que, son cerca de 3 500 elementos los que envi\u00f3 el Gobierno Federal a Veracruz, de los cuales, los pertenecientes a la Guardia Nacional (GN) se desplegar\u00e1n en toda la entidad veracruzana, mientras los de la Fiscal\u00eda General de la Rep\u00fablica (FGR) solo en los municipios de la zona metropolitana.<\/p>\n<p>&#8220;Ah, los de la Fiscal\u00eda van a estar en esta zona conurbada, Veracruz, Boca del R\u00edo, Alvarado, Medell\u00edn (&#8230;) s\u00ed, es garantizarle a todos los veracruzanos a todas las veracruzanas que van a ir a elecciones tranquilas, que salgan a votar, tenemos que decidir que gobierno queremos, hay que salir a votar tambi\u00e9n para el Poder Judicial, es important\u00edsimo y en eso estamos&#8221;, culmin\u00f3.<\/p>\n","protected":false},"excerpt":{"rendered":"<p>Alejandro \u00c1vila Veracruz, Ver.- La gobernadora, Roc\u00edo Nahle Garc\u00eda mencion\u00f3 que en la segunda quincena del mes de mayo dar\u00e1 un porcentaje de las carpetas de investigaci\u00f3n que se han abierto en la Fiscal\u00eda de Veracruz y que se han resuelto durante su administraci\u00f3n. &#8220;Todas las denuncias que se presentan en la Fiscal\u00eda, todos los [&hellip;]<\/p>\n","protected":false},"author":2476,"featured_media":67250,"comment_status":"open","ping_status":"open","sticky":false,"template":"","format":"standard","meta":{"_jetpack_memberships_contains_paid_content":false,"footnotes":""},"categories":[2],"tags":[],"class_list":["post-67249","post","type-post","status-publish","format-standard","has-post-thumbnail","hentry","category-estado"],"jetpack_featured_media_url":"https:\/\/encuentroinformativo.com.mx\/wp-content\/uploads\/2025\/05\/IMG-20250517-WA0073.jpg","jetpack_sharing_enabled":true,"jetpack_likes_enabled":true,"amp_enabled":true,"_links":{"self":[{"href":"https:\/\/encuentroinformativo.com.mx\/index.php?rest_route=\/wp\/v2\/posts\/67249","targetHints":{"allow":["GET"]}}],"collection":[{"href":"https:\/\/encuentroinformativo.com.mx\/index.php?rest_route=\/wp\/v2\/posts"}],"about":[{"href":"https:\/\/encuentroinformativo.com.mx\/index.php?rest_route=\/wp\/v2\/types\/post"}],"author":[{"embeddable":true,"href":"https:\/\/encuentroinformativo.com.mx\/index.php?rest_route=\/wp\/v2\/users\/2476"}],"replies":[{"embeddable":true,"href":"https:\/\/encuentroinformativo.com.mx\/index.php?rest_route=%2Fwp%2Fv2%2Fcomments&post=67249"}],"version-history":[{"count":1,"href":"https:\/\/encuentroinformativo.com.mx\/index.php?rest_route=\/wp\/v2\/posts\/67249\/revisions"}],"predecessor-version":[{"id":67251,"href":"https:\/\/encuentroinformativo.com.mx\/index.php?rest_route=\/wp\/v2\/posts\/67249\/revisions\/67251"}],"wp:featuredmedia":[{"embeddable":true,"href":"https:\/\/encuentroinformativo.com.mx\/index.php?rest_route=\/wp\/v2\/media\/67250"}],"wp:attachment":[{"href":"https:\/\/encuentroinformativo.com.mx\/index.php?rest_route=%2Fwp%2Fv2%2Fmedia&parent=67249"}],"wp:term":[{"taxonomy":"category","embeddable":true,"href":"https:\/\/encuentroinformativo.com.mx\/index.php?rest_route=%2Fwp%2Fv2%2Fcategories&post=67249"},{"taxonomy":"post_tag","embeddable":true,"href":"https:\/\/encuentroinformativo.com.mx\/index.php?rest_route=%2Fwp%2Fv2%2Ftags&post=67249"}],"curies":[{"name":"wp","href":"https:\/\/api.w.org\/{rel}","templated":true}]}}