{"id":67255,"date":"2025-05-17T18:35:19","date_gmt":"2025-05-18T00:35:19","guid":{"rendered":"https:\/\/encuentroinformativo.com.mx\/?p=67255"},"modified":"2025-05-17T18:35:19","modified_gmt":"2025-05-18T00:35:19","slug":"promueven-cultura-de-la-prevencion-y-atencion-de-emergencias-en-xalapenos","status":"publish","type":"post","link":"https:\/\/encuentroinformativo.com.mx\/?p=67255","title":{"rendered":"Promueven cultura de la prevenci\u00f3n y atenci\u00f3n de emergencias en xalape\u00f1os"},"content":{"rendered":"<p><strong>Dar\u00edo Pale<\/strong><\/p>\n<p>Xalapa, Ver.- Irene Rachin, Coordinadora local de Juventud y Restablecimientos de Contactos Familiares, Invit\u00f3 a la ciudadan\u00eda en general para que siempre traiga su botiqu\u00edn de primeros auxilios principalmente personal por si padece de alguna enfermedad.<\/p>\n<p>En entrevista dio a conocer que este d\u00eda estuvieron haciendo actividades de prevenci\u00f3n con cuatro temas principales, que son las inundaciones, la mochila de auxilio, el botiqu\u00edn y la que ahorita est\u00e1 m\u00e1s en auge en Jalapa, que es la prevenci\u00f3n del dengue.<\/p>\n<p>Dijo que afortunadamente la gente si est\u00e1 participando y mostrando inter\u00e9s principalmente relacionados a la prevenci\u00f3n, y muchas personas tiene dudas.<\/p>\n<p>\u201cBueno, con relaci\u00f3n a la mochila de auxilio, al botiqu\u00edn, s\u00ed a\u00fan tienen, digamos, que dudas, es un tema que no lo hemos estado, m\u00e1s bien, ellos no lo tienen tan presente, pero s\u00ed es muy indispensable, es un tema muy desconocido para la poblaci\u00f3n\u201d, se\u00f1al\u00f3.<\/p>\n<p>En cuanto a los golpes de calor que se est\u00e1n dando en la capital del estado coment\u00f3 que son casos que se est\u00e1n presentando actualmente ya eso no se daba en Xalapa por lo cual los ciudadanos desconocen c\u00f3mo actuar.<\/p>\n<p>\u201cBueno, como son temas que actualmente Xalapa no los ten\u00eda a este grado, s\u00ed es un tema muy desconocido, les vamos resolviendo sus dudas, qu\u00e9 hacer en caso de un golpe de calor, qu\u00e9 contener en un botiqu\u00edn para prevenir o para tratar un golpe de calor o una deshidrataci\u00f3n\u201d, coment\u00f3.<\/p>\n<p>\u201cBueno, nosotros invitamos a la poblaci\u00f3n a traer un botiqu\u00edn de primeros auxilios personal, que es lo que nosotros podemos consumir en los medicamentos, por ejemplo, si padecemos de alguna enfermedad, traer nuestro medicamento habitual, les recomendamos traer tambi\u00e9n un sobrecito de suero vida oral, tambi\u00e9n alg\u00fan aditamento como gasas, vendas, que les pueden tambi\u00e9n funcionar en caso de alg\u00fan incidente, que no sea muy estorboso, es de acuerdo a las necesidades\u201d, agreg\u00f3.<\/p>\n<p>Dio a conocer que el botiqu\u00edn se puede manejar desde el uso personal hasta el industrial, pasando por escolar, de casa, de autom\u00f3vil, de oficina, hay diferentes clases y diferentes contenedores, puede ser desde una lapicera hasta una mochila.<\/p>\n<p>Actualmente los j\u00f3venes son muy participativos de hecho en su \u00e1rea que es la infantil y juvenil con los que vienen trabajando y cada d\u00eda los chicos se interesan m\u00e1s por el tema de los primeros auxilios.<\/p>\n<p>\u201cLes interesa m\u00e1s dentro de los temas de primeros auxilios, c\u00f3mo atender a una persona con un infarto a trav\u00e9s del RCP, c\u00f3mo prevenir accidentes, tambi\u00e9n es un tema muy importante para los j\u00f3venes\u201d, dijo en entrevista.<\/p>\n<p>A trav\u00e9s de la prevenci\u00f3n de accidentes tienen un \u00e1rea exclusiva para motociclistas, donde les ense\u00f1an primeros auxilios y c\u00f3mo prevenir accidentes, el uso del casco que deber\u00eda de ser obligatorio y algunos otros aditamentos que requiere el motociclista.<\/p>\n<p>Coment\u00f3 que, luego por el desconocimiento de un accidente llegan y lo primero que hacen es moverlo, \u201cbueno eso podr\u00eda ser puede ser contraproducente porque no conocemos aqu\u00ed a simple vista qu\u00e9 lesiones puede tener, tenemos que hacer una evaluaci\u00f3n primaria para poder saber c\u00f3mo manejar a la v\u00edctima\u201d.<\/p>\n<p>Finalmente inform\u00f3 que, \u201cvamos a tener otras actividades y tambi\u00e9n para periodistas, ya pronto tendremos un curso de primeros auxilios para periodistas, y aparte pues estamos festejando nuestro 100 aniversario en Xalapa y tambi\u00e9n la colecta nacional de la Cruz Roja\u201d.<\/p>\n","protected":false},"excerpt":{"rendered":"<p>Dar\u00edo Pale Xalapa, Ver.- Irene Rachin, Coordinadora local de Juventud y Restablecimientos de Contactos Familiares, Invit\u00f3 a la ciudadan\u00eda en general para que siempre traiga su botiqu\u00edn de primeros auxilios principalmente personal por si padece de alguna enfermedad. En entrevista dio a conocer que este d\u00eda estuvieron haciendo actividades de prevenci\u00f3n con cuatro temas principales, [&hellip;]<\/p>\n","protected":false},"author":2476,"featured_media":67256,"comment_status":"open","ping_status":"open","sticky":false,"template":"","format":"standard","meta":{"_jetpack_memberships_contains_paid_content":false,"footnotes":""},"categories":[9],"tags":[],"class_list":["post-67255","post","type-post","status-publish","format-standard","has-post-thumbnail","hentry","category-salud"],"jetpack_featured_media_url":"https:\/\/encuentroinformativo.com.mx\/wp-content\/uploads\/2025\/05\/IMG-20250517-WA0137.jpg","jetpack_sharing_enabled":true,"jetpack_likes_enabled":true,"amp_enabled":true,"_links":{"self":[{"href":"https:\/\/encuentroinformativo.com.mx\/index.php?rest_route=\/wp\/v2\/posts\/67255","targetHints":{"allow":["GET"]}}],"collection":[{"href":"https:\/\/encuentroinformativo.com.mx\/index.php?rest_route=\/wp\/v2\/posts"}],"about":[{"href":"https:\/\/encuentroinformativo.com.mx\/index.php?rest_route=\/wp\/v2\/types\/post"}],"author":[{"embeddable":true,"href":"https:\/\/encuentroinformativo.com.mx\/index.php?rest_route=\/wp\/v2\/users\/2476"}],"replies":[{"embeddable":true,"href":"https:\/\/encuentroinformativo.com.mx\/index.php?rest_route=%2Fwp%2Fv2%2Fcomments&post=67255"}],"version-history":[{"count":1,"href":"https:\/\/encuentroinformativo.com.mx\/index.php?rest_route=\/wp\/v2\/posts\/67255\/revisions"}],"predecessor-version":[{"id":67257,"href":"https:\/\/encuentroinformativo.com.mx\/index.php?rest_route=\/wp\/v2\/posts\/67255\/revisions\/67257"}],"wp:featuredmedia":[{"embeddable":true,"href":"https:\/\/encuentroinformativo.com.mx\/index.php?rest_route=\/wp\/v2\/media\/67256"}],"wp:attachment":[{"href":"https:\/\/encuentroinformativo.com.mx\/index.php?rest_route=%2Fwp%2Fv2%2Fmedia&parent=67255"}],"wp:term":[{"taxonomy":"category","embeddable":true,"href":"https:\/\/encuentroinformativo.com.mx\/index.php?rest_route=%2Fwp%2Fv2%2Fcategories&post=67255"},{"taxonomy":"post_tag","embeddable":true,"href":"https:\/\/encuentroinformativo.com.mx\/index.php?rest_route=%2Fwp%2Fv2%2Ftags&post=67255"}],"curies":[{"name":"wp","href":"https:\/\/api.w.org\/{rel}","templated":true}]}}