{"id":67258,"date":"2025-05-17T18:47:55","date_gmt":"2025-05-18T00:47:55","guid":{"rendered":"https:\/\/encuentroinformativo.com.mx\/?p=67258"},"modified":"2025-05-17T18:47:55","modified_gmt":"2025-05-18T00:47:55","slug":"aumenta-contaminacion-en-el-lago-de-las-animas-acusan-vecinos","status":"publish","type":"post","link":"https:\/\/encuentroinformativo.com.mx\/?p=67258","title":{"rendered":"Aumenta contaminaci\u00f3n en el lago de las \u00c1nimas, acusan vecinos"},"content":{"rendered":"<p><strong>Dar\u00edo Pale<\/strong><\/p>\n<p>Xalapa, Ver.- Debido a que hace unos d\u00edas reportaron la muerte de un pato en el lago de las \u00c1nimas esto encendi\u00f3 las alarmas sobre el deterioro en esta \u00e1rea recreativa, esto debido a que la contaminaci\u00f3n se ha incrementado.<\/p>\n<p>Ha generado gran preocupaci\u00f3n entre los vecinos y visitantes del Lago de Las \u00c1nimas por el incremento de la contaminaci\u00f3n lo cual ha hecho que las afectaciones vayan en aumento, sobre todo despu\u00e9s de que reportaron la muerte de un pato.<\/p>\n<p>Los vecinos aseguran que el agua presenta un color turbio y mal olor, y denuncian la falta de mantenimiento y vigilancia en la zona. Algunos atribuyen la contaminaci\u00f3n al vertido de aguas residuales y a la acumulaci\u00f3n de basura en el cuerpo de agua.<\/p>\n<p>Las afectaciones se reportaron desde hace dos a\u00f1os y cada d\u00eda aumentan los problemas ambientales hasta el grado que a decir de vecinos, ya hay olores pestilentes, una gruesa capa viscosa.<\/p>\n<p>De esto culpan a posibles rupturas de la red de drenaje de aguas negras y la falta de mantenimiento por parte del personal de la Comisi\u00f3n Municipal de Agua y Saneamiento (CMAS).<\/p>\n<p>Finalmente cabe se\u00f1alar que, Miguel \u00c1ngel Ram\u00edrez Topete, candidato a magistrado de Circuito en Materia Civil, dio a conocer que interpuso un amparo y as\u00ed poder obtener respuestas oficiales del Ayuntamiento sobre las acciones de remediaci\u00f3n que se implementan en este cuerpo de agua.<\/p>\n","protected":false},"excerpt":{"rendered":"<p>Dar\u00edo Pale Xalapa, Ver.- Debido a que hace unos d\u00edas reportaron la muerte de un pato en el lago de las \u00c1nimas esto encendi\u00f3 las alarmas sobre el deterioro en esta \u00e1rea recreativa, esto debido a que la contaminaci\u00f3n se ha incrementado. Ha generado gran preocupaci\u00f3n entre los vecinos y visitantes del Lago de Las [&hellip;]<\/p>\n","protected":false},"author":2476,"featured_media":67259,"comment_status":"open","ping_status":"open","sticky":false,"template":"","format":"standard","meta":{"_jetpack_memberships_contains_paid_content":false,"footnotes":""},"categories":[3],"tags":[],"class_list":["post-67258","post","type-post","status-publish","format-standard","has-post-thumbnail","hentry","category-xalapa"],"jetpack_featured_media_url":"https:\/\/encuentroinformativo.com.mx\/wp-content\/uploads\/2025\/05\/IMG-20250517-WA0149-scaled.jpg","jetpack_sharing_enabled":true,"jetpack_likes_enabled":true,"amp_enabled":true,"_links":{"self":[{"href":"https:\/\/encuentroinformativo.com.mx\/index.php?rest_route=\/wp\/v2\/posts\/67258","targetHints":{"allow":["GET"]}}],"collection":[{"href":"https:\/\/encuentroinformativo.com.mx\/index.php?rest_route=\/wp\/v2\/posts"}],"about":[{"href":"https:\/\/encuentroinformativo.com.mx\/index.php?rest_route=\/wp\/v2\/types\/post"}],"author":[{"embeddable":true,"href":"https:\/\/encuentroinformativo.com.mx\/index.php?rest_route=\/wp\/v2\/users\/2476"}],"replies":[{"embeddable":true,"href":"https:\/\/encuentroinformativo.com.mx\/index.php?rest_route=%2Fwp%2Fv2%2Fcomments&post=67258"}],"version-history":[{"count":1,"href":"https:\/\/encuentroinformativo.com.mx\/index.php?rest_route=\/wp\/v2\/posts\/67258\/revisions"}],"predecessor-version":[{"id":67260,"href":"https:\/\/encuentroinformativo.com.mx\/index.php?rest_route=\/wp\/v2\/posts\/67258\/revisions\/67260"}],"wp:featuredmedia":[{"embeddable":true,"href":"https:\/\/encuentroinformativo.com.mx\/index.php?rest_route=\/wp\/v2\/media\/67259"}],"wp:attachment":[{"href":"https:\/\/encuentroinformativo.com.mx\/index.php?rest_route=%2Fwp%2Fv2%2Fmedia&parent=67258"}],"wp:term":[{"taxonomy":"category","embeddable":true,"href":"https:\/\/encuentroinformativo.com.mx\/index.php?rest_route=%2Fwp%2Fv2%2Fcategories&post=67258"},{"taxonomy":"post_tag","embeddable":true,"href":"https:\/\/encuentroinformativo.com.mx\/index.php?rest_route=%2Fwp%2Fv2%2Ftags&post=67258"}],"curies":[{"name":"wp","href":"https:\/\/api.w.org\/{rel}","templated":true}]}}