{"id":67269,"date":"2025-05-18T12:56:08","date_gmt":"2025-05-18T18:56:08","guid":{"rendered":"https:\/\/encuentroinformativo.com.mx\/?p=67269"},"modified":"2025-05-18T12:56:08","modified_gmt":"2025-05-18T18:56:08","slug":"celebro-piedras-negras-145-anos-de-vida-con-taco-fest","status":"publish","type":"post","link":"https:\/\/encuentroinformativo.com.mx\/?p=67269","title":{"rendered":"Celebr\u00f3 Piedras Negras 145 a\u00f1os de vida con Taco Fest"},"content":{"rendered":"<p><strong>Alejandro \u00c1vila<\/strong><\/p>\n<p>Tlalixcoyan, Ver.- El pasado fin de semana la localidad de Piedras Negras perteneciente al municipio de Tlalixcoyan celebr\u00f3 sus 145 aniversario y realiz\u00f3 la tercera edici\u00f3n del Taco Fest; donde, adem\u00e1s, se prepar\u00f3 el &#8220;taco tlalixcoyano m\u00e1s grande de M\u00e9xico\u201d que midi\u00f3 16 metros.<\/p>\n<p>En este evento se cont\u00f3 con la participaci\u00f3n de m\u00e1s de 30 taquer\u00edas de la localidad, quienes obsequiaron m\u00e1s de 16 mil tacos a las y los asistentes.<\/p>\n<p>Las actividades comenzaron este por la ma\u00f1ana con la colocaci\u00f3n de un arreglo floral en el recinto de las Piedras Negras, ubicadas en el Parque Hidalgo, as\u00ed tambi\u00e9n, con el corte de list\u00f3n de la exposici\u00f3n fotogr\u00e1fica en el mismo sitio.<\/p>\n<p>M\u00e1s tarde, se efectuaron diversos juegos tradicionales; as\u00ed como el concurso de \u201cTACOMELONES\u201d.<\/p>\n<p>Posteriormente, se realiz\u00f3 un \u201cAnecdotario\u201d y, seguido de ello, la develaci\u00f3n de la placa del 145 aniversario de la fundaci\u00f3n de Piedras Negras, para dar pie al corte de list\u00f3n de la 3ra edici\u00f3n del Tacofest.<\/p>\n<p>Para cerrar con broche de oro, se llev\u00f3 a cabo un baile popular con el cantante Nacho Montero y su grupo musical.<\/p>\n","protected":false},"excerpt":{"rendered":"<p>Alejandro \u00c1vila Tlalixcoyan, Ver.- El pasado fin de semana la localidad de Piedras Negras perteneciente al municipio de Tlalixcoyan celebr\u00f3 sus 145 aniversario y realiz\u00f3 la tercera edici\u00f3n del Taco Fest; donde, adem\u00e1s, se prepar\u00f3 el &#8220;taco tlalixcoyano m\u00e1s grande de M\u00e9xico\u201d que midi\u00f3 16 metros. En este evento se cont\u00f3 con la participaci\u00f3n de [&hellip;]<\/p>\n","protected":false},"author":2476,"featured_media":67270,"comment_status":"open","ping_status":"open","sticky":false,"template":"","format":"standard","meta":{"_jetpack_memberships_contains_paid_content":false,"footnotes":""},"categories":[2],"tags":[],"class_list":["post-67269","post","type-post","status-publish","format-standard","has-post-thumbnail","hentry","category-estado"],"jetpack_featured_media_url":"https:\/\/encuentroinformativo.com.mx\/wp-content\/uploads\/2025\/05\/IMG-20250518-WA0057.jpg","jetpack_sharing_enabled":true,"jetpack_likes_enabled":true,"amp_enabled":true,"_links":{"self":[{"href":"https:\/\/encuentroinformativo.com.mx\/index.php?rest_route=\/wp\/v2\/posts\/67269","targetHints":{"allow":["GET"]}}],"collection":[{"href":"https:\/\/encuentroinformativo.com.mx\/index.php?rest_route=\/wp\/v2\/posts"}],"about":[{"href":"https:\/\/encuentroinformativo.com.mx\/index.php?rest_route=\/wp\/v2\/types\/post"}],"author":[{"embeddable":true,"href":"https:\/\/encuentroinformativo.com.mx\/index.php?rest_route=\/wp\/v2\/users\/2476"}],"replies":[{"embeddable":true,"href":"https:\/\/encuentroinformativo.com.mx\/index.php?rest_route=%2Fwp%2Fv2%2Fcomments&post=67269"}],"version-history":[{"count":1,"href":"https:\/\/encuentroinformativo.com.mx\/index.php?rest_route=\/wp\/v2\/posts\/67269\/revisions"}],"predecessor-version":[{"id":67271,"href":"https:\/\/encuentroinformativo.com.mx\/index.php?rest_route=\/wp\/v2\/posts\/67269\/revisions\/67271"}],"wp:featuredmedia":[{"embeddable":true,"href":"https:\/\/encuentroinformativo.com.mx\/index.php?rest_route=\/wp\/v2\/media\/67270"}],"wp:attachment":[{"href":"https:\/\/encuentroinformativo.com.mx\/index.php?rest_route=%2Fwp%2Fv2%2Fmedia&parent=67269"}],"wp:term":[{"taxonomy":"category","embeddable":true,"href":"https:\/\/encuentroinformativo.com.mx\/index.php?rest_route=%2Fwp%2Fv2%2Fcategories&post=67269"},{"taxonomy":"post_tag","embeddable":true,"href":"https:\/\/encuentroinformativo.com.mx\/index.php?rest_route=%2Fwp%2Fv2%2Ftags&post=67269"}],"curies":[{"name":"wp","href":"https:\/\/api.w.org\/{rel}","templated":true}]}}