{"id":6727,"date":"2020-10-09T12:36:53","date_gmt":"2020-10-09T17:36:53","guid":{"rendered":"https:\/\/encuentroinformativo.com.mx\/?p=6727"},"modified":"2020-10-09T12:36:55","modified_gmt":"2020-10-09T17:36:55","slug":"muere-en-la-carcel-asesino-de-viejito-lindo","status":"publish","type":"post","link":"https:\/\/encuentroinformativo.com.mx\/?p=6727","title":{"rendered":"Muere en la c\u00e1rcel asesino de &#8220;Viejito Lindo&#8221;"},"content":{"rendered":"\n<p><strong>Alejandro \u00c1vila<\/strong><\/p>\n\n\n\n<p>Veracruz, Ver.- Pedro \u201cN\u201d, quien se hizo viral por ser la primera persona en todo el pa\u00eds de ser vinculada a proceso por maltrato animal al ser se\u00f1alado como presunto asesino del perro Viejito Lindo, muri\u00f3 en la c\u00e1rcel, por lo que su caso qued\u00f3 sin concluir, inform\u00f3 el director de Protecci\u00f3n Animal del Ayuntamiento de Veracruz,&nbsp; Jos\u00e9 \u00c1ngel Capetillo.<\/p>\n\n\n\n<p>En agosto de 2019 Pedro \u201cN\u201d obtuvo una medida preventiva de 6 meses por la Fiscal\u00eda Especializada en Delitos Ambientales y contra los Animales (Fedayca), sin embargo, su proceso qued\u00f3 inconcluso porque muri\u00f3 a principios de marzo de una neumon\u00eda at\u00edpica.<\/p>\n\n\n\n<p>\u201cEl caso de Viejito Lindo que fue un cas\u00f3 que caus\u00f3 mucha controversia toda vez que la persona le quit\u00f3 a su perro, de manera ya poniendo en riesgo tambi\u00e9n al tema social, puesto que una persona con este tipo de acciones, pues ya se compromete tambi\u00e9n los temas sociales (\u2026) el juez de control le dict\u00f3 una medida preventiva de 6 meses lamentablemente esta persona perdi\u00f3 la vida por lo cual este caso qued\u00f3 sin materia\u201d, dijo.<\/p>\n\n\n\n<p>El caso caus\u00f3 conmoci\u00f3n a nivel nacional luego de que esta persona asesinara a su perro y quedara documentado en un video que realizaron personas que intentaron ayudarlo.<\/p>\n\n\n\n<p>Los hechos ocurrieron en la Colonia Hidalgo del municipio porte\u00f1o, a finales de julio, incluso vecinos se manifestaron para pedir un alto al maltrato animal y justicia por Viejito Lindo, sin embargo ante la muerte del presunto agresor qued\u00f3 inconcluso su caso.<\/p>\n\n\n\n<p>En esa manifestaci\u00f3n vecinos se\u00f1alaron que el perro sufr\u00eda maltrato desde hace 7 a\u00f1os, as\u00ed como otros animales como gatos, sin embargo, cuando acudieron a ayudar a Viejito Lindo esta persona presuntamente lo ahorc\u00f3 con un cable.<\/p>\n\n\n\n<p>De acuerdo con el director de protecci\u00f3n animal esta persona pudo acreditar hasta 4 a\u00f1os de prisi\u00f3n en caso de que ser declarado culpable, de esta manera sentar\u00eda un precedente hist\u00f3rico a nivel nacional por ser el primer caso de vinculaci\u00f3n por maltrato animal.<\/p>\n\n\n\n<p>En el marco de la conmemoraci\u00f3n del D\u00eda Mundial de los Animales, este martes, el&nbsp; Ayuntamiento de Veracruz conform\u00f3 el Comit\u00e9 Asesor de Bienestar y Protecci\u00f3n Animal, que integra la participaci\u00f3n ciudadana en la implementaci\u00f3n de pol\u00edticas p\u00fablicas, la cual se ha convertido en un pilar fundamental para realizar proyectos, acciones y estrategias.<\/p>\n\n\n\n<p>&nbsp;Otras de sus funciones ser\u00e1n: generar la emisi\u00f3n de dict\u00e1menes jur\u00eddicamente fundamentados; formar objetivos sobre los asuntos de consulta; elaborar propuestas legislativas; estudiar casos espec\u00edficos del \u00e1rea; informar oportunamente tanto a la administraci\u00f3n municipal, como a la ciudadan\u00eda sobre temas relacionados; coadyuvar en la mejora de las funciones administrativas, establecer acuerdos en asuntos que se planteen, a trav\u00e9s de criterios homog\u00e9neos<\/p>\n","protected":false},"excerpt":{"rendered":"<p>Alejandro \u00c1vila Veracruz, Ver.- Pedro \u201cN\u201d, quien se hizo viral por ser la primera persona en todo el pa\u00eds de ser vinculada a proceso por maltrato animal al ser se\u00f1alado como presunto asesino del perro Viejito Lindo, muri\u00f3 en la c\u00e1rcel, por lo que su caso qued\u00f3 sin concluir, inform\u00f3 el director de Protecci\u00f3n Animal [&hellip;]<\/p>\n","protected":false},"author":1,"featured_media":6728,"comment_status":"open","ping_status":"open","sticky":false,"template":"","format":"standard","meta":{"_jetpack_memberships_contains_paid_content":false,"footnotes":""},"categories":[2],"tags":[],"class_list":["post-6727","post","type-post","status-publish","format-standard","has-post-thumbnail","hentry","category-estado"],"jetpack_featured_media_url":"https:\/\/encuentroinformativo.com.mx\/wp-content\/uploads\/2020\/10\/E650C281-0C48-432D-A49D-03DDCE36A788.jpeg","jetpack_sharing_enabled":true,"jetpack_likes_enabled":true,"amp_enabled":true,"_links":{"self":[{"href":"https:\/\/encuentroinformativo.com.mx\/index.php?rest_route=\/wp\/v2\/posts\/6727","targetHints":{"allow":["GET"]}}],"collection":[{"href":"https:\/\/encuentroinformativo.com.mx\/index.php?rest_route=\/wp\/v2\/posts"}],"about":[{"href":"https:\/\/encuentroinformativo.com.mx\/index.php?rest_route=\/wp\/v2\/types\/post"}],"author":[{"embeddable":true,"href":"https:\/\/encuentroinformativo.com.mx\/index.php?rest_route=\/wp\/v2\/users\/1"}],"replies":[{"embeddable":true,"href":"https:\/\/encuentroinformativo.com.mx\/index.php?rest_route=%2Fwp%2Fv2%2Fcomments&post=6727"}],"version-history":[{"count":1,"href":"https:\/\/encuentroinformativo.com.mx\/index.php?rest_route=\/wp\/v2\/posts\/6727\/revisions"}],"predecessor-version":[{"id":6729,"href":"https:\/\/encuentroinformativo.com.mx\/index.php?rest_route=\/wp\/v2\/posts\/6727\/revisions\/6729"}],"wp:featuredmedia":[{"embeddable":true,"href":"https:\/\/encuentroinformativo.com.mx\/index.php?rest_route=\/wp\/v2\/media\/6728"}],"wp:attachment":[{"href":"https:\/\/encuentroinformativo.com.mx\/index.php?rest_route=%2Fwp%2Fv2%2Fmedia&parent=6727"}],"wp:term":[{"taxonomy":"category","embeddable":true,"href":"https:\/\/encuentroinformativo.com.mx\/index.php?rest_route=%2Fwp%2Fv2%2Fcategories&post=6727"},{"taxonomy":"post_tag","embeddable":true,"href":"https:\/\/encuentroinformativo.com.mx\/index.php?rest_route=%2Fwp%2Fv2%2Ftags&post=6727"}],"curies":[{"name":"wp","href":"https:\/\/api.w.org\/{rel}","templated":true}]}}