{"id":67293,"date":"2025-05-19T10:21:37","date_gmt":"2025-05-19T16:21:37","guid":{"rendered":"https:\/\/encuentroinformativo.com.mx\/?p=67293"},"modified":"2025-05-19T20:19:33","modified_gmt":"2025-05-20T02:19:33","slug":"arriban-cadetes-de-buque-cuauhtemoc-a-veracruz","status":"publish","type":"post","link":"https:\/\/encuentroinformativo.com.mx\/?p=67293","title":{"rendered":"Arriban cadetes de buque Cuauht\u00e9moc a Veracruz"},"content":{"rendered":"<p>Veracruz, Ver.-\u00a0 Esta madrugada llegaron al puerto de Veracruz 172 cadetes y dos oficiales de la Heroica Escuela Naval Militar, adem\u00e1s de un capit\u00e1n, un oficial y tres clases pertenecientes a la tripulaci\u00f3n del Buque Escuela Velero Cuauht\u00e9moc, inform\u00f3 la Secretar\u00eda de Marina (Semar).<\/p>\n<p>De acuerdo con la dependencia, el retorno se realiz\u00f3 con el respaldo de la Secretar\u00eda de Relaciones Exteriores (SRE) y de la aerol\u00ednea Aerom\u00e9xico, a quienes agradecieron por el valioso apoyo para facilitar el regreso del personal naval al pa\u00eds.<\/p>\n<p>Dos cadetes permanecen a\u00fan en Nueva York bajo atenci\u00f3n m\u00e9dica especializada. Su estado de salud se reporta como estable.<\/p>\n<p>La Semar expres\u00f3 su solidaridad con los familiares de los tripulantes, y se\u00f1al\u00f3 que se han seguido todos los protocolos establecidos para la repatriaci\u00f3n de los restos de los compa\u00f1eros que lamentablemente perdieron la vida durante el viaje. \u201cBrindamos todo el apoyo, cercan\u00eda y respaldo a sus familiares en estos momentos dif\u00edciles\u201d, indicaron en un comunicado.<\/p>\n<p>La instituci\u00f3n agradeci\u00f3 tambi\u00e9n las m\u00faltiples muestras de empat\u00eda y apoyo recibidas por parte de la ciudadan\u00eda ante la dif\u00edcil situaci\u00f3n que atraviesa el cuerpo naval.<\/p>\n<p>\u201cCon la solidaridad y uni\u00f3n que nos caracteriza como instituci\u00f3n, acompa\u00f1amos a los cadetes y tripulaci\u00f3n del Buque Escuela Velero Cuauht\u00e9moc en el reencuentro con sus seres queridos\u201d, concluy\u00f3 la Secretar\u00eda.<\/p>\n<p><img loading=\"lazy\" decoding=\"async\" class=\"aligncenter size-medium wp-image-67294\" src=\"https:\/\/encuentroinformativo.com.mx\/wp-content\/uploads\/2025\/05\/Screenshot_20250519-100847-173x300.png\" alt=\"\" width=\"173\" height=\"300\" srcset=\"https:\/\/encuentroinformativo.com.mx\/wp-content\/uploads\/2025\/05\/Screenshot_20250519-100847-173x300.png 173w, https:\/\/encuentroinformativo.com.mx\/wp-content\/uploads\/2025\/05\/Screenshot_20250519-100847-591x1024.png 591w, https:\/\/encuentroinformativo.com.mx\/wp-content\/uploads\/2025\/05\/Screenshot_20250519-100847-768x1331.png 768w, https:\/\/encuentroinformativo.com.mx\/wp-content\/uploads\/2025\/05\/Screenshot_20250519-100847-886x1536.png 886w, https:\/\/encuentroinformativo.com.mx\/wp-content\/uploads\/2025\/05\/Screenshot_20250519-100847.png 1080w\" sizes=\"auto, (max-width: 173px) 100vw, 173px\" \/><\/p>\n","protected":false},"excerpt":{"rendered":"<p>Veracruz, Ver.-\u00a0 Esta madrugada llegaron al puerto de Veracruz 172 cadetes y dos oficiales de la Heroica Escuela Naval Militar, adem\u00e1s de un capit\u00e1n, un oficial y tres clases pertenecientes a la tripulaci\u00f3n del Buque Escuela Velero Cuauht\u00e9moc, inform\u00f3 la Secretar\u00eda de Marina (Semar). De acuerdo con la dependencia, el retorno se realiz\u00f3 con el [&hellip;]<\/p>\n","protected":false},"author":2476,"featured_media":67347,"comment_status":"open","ping_status":"open","sticky":false,"template":"","format":"standard","meta":{"_jetpack_memberships_contains_paid_content":false,"footnotes":""},"categories":[2],"tags":[],"class_list":["post-67293","post","type-post","status-publish","format-standard","has-post-thumbnail","hentry","category-estado"],"jetpack_featured_media_url":"https:\/\/encuentroinformativo.com.mx\/wp-content\/uploads\/2025\/05\/IMG-20250519-WA0326.jpg","jetpack_sharing_enabled":true,"jetpack_likes_enabled":true,"amp_enabled":true,"_links":{"self":[{"href":"https:\/\/encuentroinformativo.com.mx\/index.php?rest_route=\/wp\/v2\/posts\/67293","targetHints":{"allow":["GET"]}}],"collection":[{"href":"https:\/\/encuentroinformativo.com.mx\/index.php?rest_route=\/wp\/v2\/posts"}],"about":[{"href":"https:\/\/encuentroinformativo.com.mx\/index.php?rest_route=\/wp\/v2\/types\/post"}],"author":[{"embeddable":true,"href":"https:\/\/encuentroinformativo.com.mx\/index.php?rest_route=\/wp\/v2\/users\/2476"}],"replies":[{"embeddable":true,"href":"https:\/\/encuentroinformativo.com.mx\/index.php?rest_route=%2Fwp%2Fv2%2Fcomments&post=67293"}],"version-history":[{"count":4,"href":"https:\/\/encuentroinformativo.com.mx\/index.php?rest_route=\/wp\/v2\/posts\/67293\/revisions"}],"predecessor-version":[{"id":67348,"href":"https:\/\/encuentroinformativo.com.mx\/index.php?rest_route=\/wp\/v2\/posts\/67293\/revisions\/67348"}],"wp:featuredmedia":[{"embeddable":true,"href":"https:\/\/encuentroinformativo.com.mx\/index.php?rest_route=\/wp\/v2\/media\/67347"}],"wp:attachment":[{"href":"https:\/\/encuentroinformativo.com.mx\/index.php?rest_route=%2Fwp%2Fv2%2Fmedia&parent=67293"}],"wp:term":[{"taxonomy":"category","embeddable":true,"href":"https:\/\/encuentroinformativo.com.mx\/index.php?rest_route=%2Fwp%2Fv2%2Fcategories&post=67293"},{"taxonomy":"post_tag","embeddable":true,"href":"https:\/\/encuentroinformativo.com.mx\/index.php?rest_route=%2Fwp%2Fv2%2Ftags&post=67293"}],"curies":[{"name":"wp","href":"https:\/\/api.w.org\/{rel}","templated":true}]}}