{"id":67300,"date":"2025-05-19T11:59:17","date_gmt":"2025-05-19T17:59:17","guid":{"rendered":"https:\/\/encuentroinformativo.com.mx\/?p=67300"},"modified":"2025-05-19T11:59:17","modified_gmt":"2025-05-19T17:59:17","slug":"asociacion-civil-pide-resolver-invasion-de-terrenos","status":"publish","type":"post","link":"https:\/\/encuentroinformativo.com.mx\/?p=67300","title":{"rendered":"Asociaci\u00f3n Civil pide resolver invasi\u00f3n de terrenos"},"content":{"rendered":"<p><strong>Dar\u00edo Pale<\/strong><\/p>\n<p>Xalapa, Ver.- Integrantes de la Asociaci\u00f3n Civil, Fraccionamiento Ecol\u00f3gico y Popular de Las Minas, encabezados por Rafael V\u00e1zquez V\u00e1zquez, se manifestaron la ma\u00f1ana de este lunes en el centro de esta ciudad capital, para exigir que se resuelva el caso de invasi\u00f3n de un terreno de integrantes de su asociaci\u00f3n.<\/p>\n<p>En este sentido mencion\u00f3 que el a\u00f1o pasado se invadi\u00f3 dicho terreno, se denunci\u00f3, pero el 27 de mayo se cumple ya un a\u00f1o en qu\u00e9 no se han atendido est\u00e1s denuncias.<\/p>\n<p>El mi\u00e9rcoles 14 de mayo, ya se llev\u00f3 una audiencia inicial, estando el fiscal presente, no se les permiti\u00f3 entrar.<\/p>\n<p>Se solicito ampliaci\u00f3n por parte de los implicados para el d\u00eda de ma\u00f1ana a las 9:30 am, pero tienen el temor de que se les niegue el acceso, violando sus derechos y no sea vinculado a proceso.<\/p>\n<p>Por tal motivo piden al gobierno del estado que intervenga para que se haga justicia.<\/p>\n<p>Para finalizar dio a conocer que la carpeta de investigaci\u00f3n es la 3195 del 2014.<\/p>\n","protected":false},"excerpt":{"rendered":"<p>Dar\u00edo Pale Xalapa, Ver.- Integrantes de la Asociaci\u00f3n Civil, Fraccionamiento Ecol\u00f3gico y Popular de Las Minas, encabezados por Rafael V\u00e1zquez V\u00e1zquez, se manifestaron la ma\u00f1ana de este lunes en el centro de esta ciudad capital, para exigir que se resuelva el caso de invasi\u00f3n de un terreno de integrantes de su asociaci\u00f3n. En este sentido [&hellip;]<\/p>\n","protected":false},"author":2476,"featured_media":67301,"comment_status":"open","ping_status":"open","sticky":false,"template":"","format":"standard","meta":{"_jetpack_memberships_contains_paid_content":false,"footnotes":""},"categories":[3],"tags":[],"class_list":["post-67300","post","type-post","status-publish","format-standard","has-post-thumbnail","hentry","category-xalapa"],"jetpack_featured_media_url":"https:\/\/encuentroinformativo.com.mx\/wp-content\/uploads\/2025\/05\/IMG-20250519-WA0080.jpg","jetpack_sharing_enabled":true,"jetpack_likes_enabled":true,"amp_enabled":true,"_links":{"self":[{"href":"https:\/\/encuentroinformativo.com.mx\/index.php?rest_route=\/wp\/v2\/posts\/67300","targetHints":{"allow":["GET"]}}],"collection":[{"href":"https:\/\/encuentroinformativo.com.mx\/index.php?rest_route=\/wp\/v2\/posts"}],"about":[{"href":"https:\/\/encuentroinformativo.com.mx\/index.php?rest_route=\/wp\/v2\/types\/post"}],"author":[{"embeddable":true,"href":"https:\/\/encuentroinformativo.com.mx\/index.php?rest_route=\/wp\/v2\/users\/2476"}],"replies":[{"embeddable":true,"href":"https:\/\/encuentroinformativo.com.mx\/index.php?rest_route=%2Fwp%2Fv2%2Fcomments&post=67300"}],"version-history":[{"count":1,"href":"https:\/\/encuentroinformativo.com.mx\/index.php?rest_route=\/wp\/v2\/posts\/67300\/revisions"}],"predecessor-version":[{"id":67302,"href":"https:\/\/encuentroinformativo.com.mx\/index.php?rest_route=\/wp\/v2\/posts\/67300\/revisions\/67302"}],"wp:featuredmedia":[{"embeddable":true,"href":"https:\/\/encuentroinformativo.com.mx\/index.php?rest_route=\/wp\/v2\/media\/67301"}],"wp:attachment":[{"href":"https:\/\/encuentroinformativo.com.mx\/index.php?rest_route=%2Fwp%2Fv2%2Fmedia&parent=67300"}],"wp:term":[{"taxonomy":"category","embeddable":true,"href":"https:\/\/encuentroinformativo.com.mx\/index.php?rest_route=%2Fwp%2Fv2%2Fcategories&post=67300"},{"taxonomy":"post_tag","embeddable":true,"href":"https:\/\/encuentroinformativo.com.mx\/index.php?rest_route=%2Fwp%2Fv2%2Ftags&post=67300"}],"curies":[{"name":"wp","href":"https:\/\/api.w.org\/{rel}","templated":true}]}}