{"id":67303,"date":"2025-05-19T12:16:39","date_gmt":"2025-05-19T18:16:39","guid":{"rendered":"https:\/\/encuentroinformativo.com.mx\/?p=67303"},"modified":"2025-05-19T12:16:39","modified_gmt":"2025-05-19T18:16:39","slug":"promete-maleno-rosales-que-se-sometera-a-revocacion-de-mandato","status":"publish","type":"post","link":"https:\/\/encuentroinformativo.com.mx\/?p=67303","title":{"rendered":"Promete Maleno Rosales que se someter\u00e1 a revocaci\u00f3n de mandato\u00a0"},"content":{"rendered":"<p><strong>Alejandro \u00c1vila<\/strong><\/p>\n<p>Medell\u00edn de Bravo, Ver.- Tras lograr el triunfo y convertirse en el pr\u00f3ximo alcalde de Medell\u00edn de Bravo, el candidato del PT, Magdaleno Rosales Torres asegur\u00f3 a trav\u00e9s de sus redes sociales que realizar\u00e1 un plebiscito durante los primeros dos a\u00f1os de su gobierno sobre el actuar de su administraci\u00f3n.<\/p>\n<p>Ser\u00e1n los ciudadanos de Medell\u00edn los que decidan con su voto si el gabinete que acompa\u00f1e a Maleno Rosales en la alcald\u00eda est\u00e1 realizando un buen trabajo.<\/p>\n<p>&#8220;Vamos a implementar el tema del plebiscito, en los dos primeros a\u00f1os de nuestro gobierno vamos a hacer un refer\u00e9ndum, vamos a ejecutar el tema que ya est\u00e1 en la ley, la revocaci\u00f3n del mandato ahora en el municipio, nosotros en los dos primeros a\u00f1os se va a hacer el refer\u00e9ndum, un plebiscito donde se te va a pedir a ti tu opini\u00f3n, si nosotros estamos trabajando bien t\u00fa lo vas a decidir mediante tu participaci\u00f3n, es por eso que estamos muy seguros que vamos a trabajar para ti medell\u00ednense&#8221;, asest\u00f3.<\/p>\n<p>De la misma manera y tal como lo hizo el expresidente, Andr\u00e9s Manuel L\u00f3pez Obrador, en Medell\u00edn de Bravo se realizar\u00e1n las conferencias &#8220;Ma\u00f1aneras&#8221;, donde los medios de comunicaci\u00f3n y la ciudadan\u00eda se informar\u00e1n del actuar de la administraci\u00f3n de Maleno Rosales y, podr\u00e1n exponer las necesidades que d\u00eda de a d\u00eda aquejan a los medellinenses.<\/p>\n<p>&#8220;Todos los d\u00edas vamos a informar a los medios de comunicaci\u00f3n y vamos a informar a todos los medios para que ellos nos puedan cuestionar y nos puedan preguntar de muchas necesidades que van a ir aconteciendo en todas las localidades, circuitos y colonias. Este va a ser un gobierno del pueblo y para el pueblo, y t\u00fa vas a tener tu participaci\u00f3n como ciudadano&#8221;, culmin\u00f3.<\/p>\n","protected":false},"excerpt":{"rendered":"<p>Alejandro \u00c1vila Medell\u00edn de Bravo, Ver.- Tras lograr el triunfo y convertirse en el pr\u00f3ximo alcalde de Medell\u00edn de Bravo, el candidato del PT, Magdaleno Rosales Torres asegur\u00f3 a trav\u00e9s de sus redes sociales que realizar\u00e1 un plebiscito durante los primeros dos a\u00f1os de su gobierno sobre el actuar de su administraci\u00f3n. Ser\u00e1n los ciudadanos [&hellip;]<\/p>\n","protected":false},"author":2476,"featured_media":67304,"comment_status":"open","ping_status":"open","sticky":false,"template":"","format":"standard","meta":{"_jetpack_memberships_contains_paid_content":false,"footnotes":""},"categories":[2],"tags":[],"class_list":["post-67303","post","type-post","status-publish","format-standard","has-post-thumbnail","hentry","category-estado"],"jetpack_featured_media_url":"https:\/\/encuentroinformativo.com.mx\/wp-content\/uploads\/2025\/05\/Screenshot_20250519-121430.png","jetpack_sharing_enabled":true,"jetpack_likes_enabled":true,"amp_enabled":true,"_links":{"self":[{"href":"https:\/\/encuentroinformativo.com.mx\/index.php?rest_route=\/wp\/v2\/posts\/67303","targetHints":{"allow":["GET"]}}],"collection":[{"href":"https:\/\/encuentroinformativo.com.mx\/index.php?rest_route=\/wp\/v2\/posts"}],"about":[{"href":"https:\/\/encuentroinformativo.com.mx\/index.php?rest_route=\/wp\/v2\/types\/post"}],"author":[{"embeddable":true,"href":"https:\/\/encuentroinformativo.com.mx\/index.php?rest_route=\/wp\/v2\/users\/2476"}],"replies":[{"embeddable":true,"href":"https:\/\/encuentroinformativo.com.mx\/index.php?rest_route=%2Fwp%2Fv2%2Fcomments&post=67303"}],"version-history":[{"count":1,"href":"https:\/\/encuentroinformativo.com.mx\/index.php?rest_route=\/wp\/v2\/posts\/67303\/revisions"}],"predecessor-version":[{"id":67305,"href":"https:\/\/encuentroinformativo.com.mx\/index.php?rest_route=\/wp\/v2\/posts\/67303\/revisions\/67305"}],"wp:featuredmedia":[{"embeddable":true,"href":"https:\/\/encuentroinformativo.com.mx\/index.php?rest_route=\/wp\/v2\/media\/67304"}],"wp:attachment":[{"href":"https:\/\/encuentroinformativo.com.mx\/index.php?rest_route=%2Fwp%2Fv2%2Fmedia&parent=67303"}],"wp:term":[{"taxonomy":"category","embeddable":true,"href":"https:\/\/encuentroinformativo.com.mx\/index.php?rest_route=%2Fwp%2Fv2%2Fcategories&post=67303"},{"taxonomy":"post_tag","embeddable":true,"href":"https:\/\/encuentroinformativo.com.mx\/index.php?rest_route=%2Fwp%2Fv2%2Ftags&post=67303"}],"curies":[{"name":"wp","href":"https:\/\/api.w.org\/{rel}","templated":true}]}}