{"id":67306,"date":"2025-05-19T12:29:46","date_gmt":"2025-05-19T18:29:46","guid":{"rendered":"https:\/\/encuentroinformativo.com.mx\/?p=67306"},"modified":"2025-05-19T12:29:46","modified_gmt":"2025-05-19T18:29:46","slug":"provocan-incendio-en-las-matas-y-paralizan-carretera-coatzacoalcos-minatitlan","status":"publish","type":"post","link":"https:\/\/encuentroinformativo.com.mx\/?p=67306","title":{"rendered":"Provocan incendio en Las Matas y paralizan carretera Coatzacoalcos- Minatitl\u00e1n"},"content":{"rendered":"<p><strong>Jos\u00e9 Vargas<\/strong><\/p>\n<p>Cosoleacaque, Ver.- Un incendio de grandes proporciones registrado la ma\u00f1ana de este lunes 19 de mayo oblig\u00f3 al cierre temporal de la carretera Coatzacoalcos\u2013Minatitl\u00e1n, en el tramo conocido como Las Matas, en el sur del estado de Veracruz. El siniestro, originado en un basurero de llantas, se extendi\u00f3 r\u00e1pidamente hacia zonas de pastizal y una chatarrera, generando una densa columna de humo negro visible desde varios kil\u00f3metros a la redonda.<\/p>\n<p>La intensa humareda redujo significativamente la visibilidad sobre la v\u00eda, lo que llev\u00f3 a las autoridades a suspender el tr\u00e1nsito vehicular por seguridad, afectando el flujo entre dos de las principales ciudades del sur veracruzano.<\/p>\n<p>\u201cAutoridades confirman que fue provocado\u201d<\/p>\n<p>De acuerdo con los primeros reportes emitidos por la Direcci\u00f3n Municipal de Protecci\u00f3n Civil de Cosoleacaque, el incendio fue provocado de manera deliberada, presuntamente para obtener el alambre de acero contenido en los neum\u00e1ticos. Esta pr\u00e1ctica, adem\u00e1s de ser ilegal, representa un grave riesgo tanto para el medio ambiente como para la poblaci\u00f3n.<\/p>\n<p>El titular de la dependencia, Luis Blanco, encabez\u00f3 las labores de contenci\u00f3n del fuego junto con personal de bomberos de Cosoleacaque y Minatitl\u00e1n, y con el respaldo de los enlaces regionales de la Secretar\u00eda de Protecci\u00f3n Civil, Ricardo Armenta y \u00d3scar Sarracino.<\/p>\n<p>Tras m\u00e1s de tres horas de trabajo, el fuego fue finalmente controlado, evitando su propagaci\u00f3n a zonas habitadas o industriales cercanas. Durante las labores se utilizaron miles de litros de agua y maquinaria especializada.<\/p>\n<p>Aunque el incendio fue sofocado, personal del cuerpo de bomberos contin\u00faa en el lugar enfriando el terreno para prevenir una posible reignici\u00f3n, especialmente debido a las altas temperaturas registradas en la regi\u00f3n. Tambi\u00e9n permanecen en la zona elementos del Ej\u00e9rcito Mexicano y la Secretar\u00eda de Marina, brindando apoyo log\u00edstico y vigilancia.<\/p>\n<p>Hasta el momento no se reportan personas lesionadas, pero los da\u00f1os materiales y ambientales est\u00e1n siendo evaluados por las autoridades competentes.<\/p>\n<p>Las autoridades reiteraron el llamado a la ciudadan\u00eda para evitar quemas, especialmente durante esta temporada de calor, donde los riesgos de incendios forestales y urbanos aumentan considerablemente. Adem\u00e1s, se anunci\u00f3 que se investigar\u00e1 a los responsables del hecho para fincar responsabilidades legales.<\/p>\n<p><img loading=\"lazy\" decoding=\"async\" class=\"aligncenter size-medium wp-image-67307\" src=\"https:\/\/encuentroinformativo.com.mx\/wp-content\/uploads\/2025\/05\/IMG-20250519-WA0096-300x225.jpg\" alt=\"\" width=\"300\" height=\"225\" srcset=\"https:\/\/encuentroinformativo.com.mx\/wp-content\/uploads\/2025\/05\/IMG-20250519-WA0096-300x225.jpg 300w, https:\/\/encuentroinformativo.com.mx\/wp-content\/uploads\/2025\/05\/IMG-20250519-WA0096-1024x768.jpg 1024w, https:\/\/encuentroinformativo.com.mx\/wp-content\/uploads\/2025\/05\/IMG-20250519-WA0096-768x576.jpg 768w, https:\/\/encuentroinformativo.com.mx\/wp-content\/uploads\/2025\/05\/IMG-20250519-WA0096-1536x1152.jpg 1536w, https:\/\/encuentroinformativo.com.mx\/wp-content\/uploads\/2025\/05\/IMG-20250519-WA0096.jpg 1600w\" sizes=\"auto, (max-width: 300px) 100vw, 300px\" \/><\/p>\n<p>&nbsp;<\/p>\n","protected":false},"excerpt":{"rendered":"<p>Jos\u00e9 Vargas Cosoleacaque, Ver.- Un incendio de grandes proporciones registrado la ma\u00f1ana de este lunes 19 de mayo oblig\u00f3 al cierre temporal de la carretera Coatzacoalcos\u2013Minatitl\u00e1n, en el tramo conocido como Las Matas, en el sur del estado de Veracruz. El siniestro, originado en un basurero de llantas, se extendi\u00f3 r\u00e1pidamente hacia zonas de pastizal [&hellip;]<\/p>\n","protected":false},"author":2476,"featured_media":67308,"comment_status":"open","ping_status":"open","sticky":false,"template":"","format":"standard","meta":{"_jetpack_memberships_contains_paid_content":false,"footnotes":""},"categories":[2],"tags":[],"class_list":["post-67306","post","type-post","status-publish","format-standard","has-post-thumbnail","hentry","category-estado"],"jetpack_featured_media_url":"https:\/\/encuentroinformativo.com.mx\/wp-content\/uploads\/2025\/05\/IMG-20250519-WA0091.jpg","jetpack_sharing_enabled":true,"jetpack_likes_enabled":true,"amp_enabled":true,"_links":{"self":[{"href":"https:\/\/encuentroinformativo.com.mx\/index.php?rest_route=\/wp\/v2\/posts\/67306","targetHints":{"allow":["GET"]}}],"collection":[{"href":"https:\/\/encuentroinformativo.com.mx\/index.php?rest_route=\/wp\/v2\/posts"}],"about":[{"href":"https:\/\/encuentroinformativo.com.mx\/index.php?rest_route=\/wp\/v2\/types\/post"}],"author":[{"embeddable":true,"href":"https:\/\/encuentroinformativo.com.mx\/index.php?rest_route=\/wp\/v2\/users\/2476"}],"replies":[{"embeddable":true,"href":"https:\/\/encuentroinformativo.com.mx\/index.php?rest_route=%2Fwp%2Fv2%2Fcomments&post=67306"}],"version-history":[{"count":1,"href":"https:\/\/encuentroinformativo.com.mx\/index.php?rest_route=\/wp\/v2\/posts\/67306\/revisions"}],"predecessor-version":[{"id":67309,"href":"https:\/\/encuentroinformativo.com.mx\/index.php?rest_route=\/wp\/v2\/posts\/67306\/revisions\/67309"}],"wp:featuredmedia":[{"embeddable":true,"href":"https:\/\/encuentroinformativo.com.mx\/index.php?rest_route=\/wp\/v2\/media\/67308"}],"wp:attachment":[{"href":"https:\/\/encuentroinformativo.com.mx\/index.php?rest_route=%2Fwp%2Fv2%2Fmedia&parent=67306"}],"wp:term":[{"taxonomy":"category","embeddable":true,"href":"https:\/\/encuentroinformativo.com.mx\/index.php?rest_route=%2Fwp%2Fv2%2Fcategories&post=67306"},{"taxonomy":"post_tag","embeddable":true,"href":"https:\/\/encuentroinformativo.com.mx\/index.php?rest_route=%2Fwp%2Fv2%2Ftags&post=67306"}],"curies":[{"name":"wp","href":"https:\/\/api.w.org\/{rel}","templated":true}]}}