{"id":67319,"date":"2025-05-19T14:12:09","date_gmt":"2025-05-19T20:12:09","guid":{"rendered":"https:\/\/encuentroinformativo.com.mx\/?p=67319"},"modified":"2025-05-19T14:12:09","modified_gmt":"2025-05-19T20:12:09","slug":"cuidado-de-infantes-responsabilidad-compartida-sipinna","status":"publish","type":"post","link":"https:\/\/encuentroinformativo.com.mx\/?p=67319","title":{"rendered":"Cuidado de infantes, responsabilidad compartida: SIPINNA"},"content":{"rendered":"<p><strong>Dar\u00edo Pale<\/strong><\/p>\n<p>Xalapa, Ver.- La titular de la Secretar\u00eda Ejecutiva del Sistema Nacional de Protecci\u00f3n de Ni\u00f1as, Ni\u00f1os y Adolescentes Mercy P\u00e9rez Ar\u00e9balo indic\u00f3 que es importante la vinculaci\u00f3n que se pueda tener con la sociedad, el gobierno y las diferentes instancias, para poder atender a los infantes, siendo una responsabilidad compartida.<\/p>\n<p>En entrevista resalt\u00f3 que desde el sistema nacional de Protecci\u00f3n a ni\u00f1os, Ni\u00f1as y Adolescentes, cuentan con l\u00edneas claras de trabajo de vinculaci\u00f3n, sobre todo para impulsar la crianza positiva desde la familia, generar entornos \u00f3ptimos y protectores.<\/p>\n<p>Entorno a los embarazos de adolescentes, hizo hincapi\u00e9 en que se est\u00e1n analizando las condiciones en las que estos eventos se dan y trabajar con ello.<\/p>\n<p>Asimismo resalt\u00f3 que hay l\u00edneas claras a nivel nacional que se trabajan para saber de qu\u00e9 manera se enfocar\u00e1n en ese trabajo, est\u00e1n grupos con diferentes directrices para apoyar en estos temas.<\/p>\n<p>Para finalizar y en torno al tema del trabajo infantil mencion\u00f3 que se debe trabajar en primera instancia en el tema de su salud y alimentaci\u00f3n.<\/p>\n","protected":false},"excerpt":{"rendered":"<p>Dar\u00edo Pale Xalapa, Ver.- La titular de la Secretar\u00eda Ejecutiva del Sistema Nacional de Protecci\u00f3n de Ni\u00f1as, Ni\u00f1os y Adolescentes Mercy P\u00e9rez Ar\u00e9balo indic\u00f3 que es importante la vinculaci\u00f3n que se pueda tener con la sociedad, el gobierno y las diferentes instancias, para poder atender a los infantes, siendo una responsabilidad compartida. En entrevista resalt\u00f3 [&hellip;]<\/p>\n","protected":false},"author":2476,"featured_media":67320,"comment_status":"open","ping_status":"open","sticky":false,"template":"","format":"standard","meta":{"_jetpack_memberships_contains_paid_content":false,"footnotes":""},"categories":[2],"tags":[],"class_list":["post-67319","post","type-post","status-publish","format-standard","has-post-thumbnail","hentry","category-estado"],"jetpack_featured_media_url":"https:\/\/encuentroinformativo.com.mx\/wp-content\/uploads\/2025\/05\/IMG-20250519-WA0202.jpg","jetpack_sharing_enabled":true,"jetpack_likes_enabled":true,"amp_enabled":true,"_links":{"self":[{"href":"https:\/\/encuentroinformativo.com.mx\/index.php?rest_route=\/wp\/v2\/posts\/67319","targetHints":{"allow":["GET"]}}],"collection":[{"href":"https:\/\/encuentroinformativo.com.mx\/index.php?rest_route=\/wp\/v2\/posts"}],"about":[{"href":"https:\/\/encuentroinformativo.com.mx\/index.php?rest_route=\/wp\/v2\/types\/post"}],"author":[{"embeddable":true,"href":"https:\/\/encuentroinformativo.com.mx\/index.php?rest_route=\/wp\/v2\/users\/2476"}],"replies":[{"embeddable":true,"href":"https:\/\/encuentroinformativo.com.mx\/index.php?rest_route=%2Fwp%2Fv2%2Fcomments&post=67319"}],"version-history":[{"count":1,"href":"https:\/\/encuentroinformativo.com.mx\/index.php?rest_route=\/wp\/v2\/posts\/67319\/revisions"}],"predecessor-version":[{"id":67321,"href":"https:\/\/encuentroinformativo.com.mx\/index.php?rest_route=\/wp\/v2\/posts\/67319\/revisions\/67321"}],"wp:featuredmedia":[{"embeddable":true,"href":"https:\/\/encuentroinformativo.com.mx\/index.php?rest_route=\/wp\/v2\/media\/67320"}],"wp:attachment":[{"href":"https:\/\/encuentroinformativo.com.mx\/index.php?rest_route=%2Fwp%2Fv2%2Fmedia&parent=67319"}],"wp:term":[{"taxonomy":"category","embeddable":true,"href":"https:\/\/encuentroinformativo.com.mx\/index.php?rest_route=%2Fwp%2Fv2%2Fcategories&post=67319"},{"taxonomy":"post_tag","embeddable":true,"href":"https:\/\/encuentroinformativo.com.mx\/index.php?rest_route=%2Fwp%2Fv2%2Ftags&post=67319"}],"curies":[{"name":"wp","href":"https:\/\/api.w.org\/{rel}","templated":true}]}}