{"id":6733,"date":"2020-10-09T13:57:18","date_gmt":"2020-10-09T18:57:18","guid":{"rendered":"https:\/\/encuentroinformativo.com.mx\/?p=6733"},"modified":"2020-10-09T13:57:21","modified_gmt":"2020-10-09T18:57:21","slug":"permiten-acceso-a-panteones-tendran-ingreso-controlado-regidora","status":"publish","type":"post","link":"https:\/\/encuentroinformativo.com.mx\/?p=6733","title":{"rendered":"Permiten acceso a panteones, tendr\u00e1n ingreso controlado: Regidora"},"content":{"rendered":"\n<p><strong>Dar\u00edo Pale <\/strong><\/p>\n\n\n\n<p>Xalapa, Ver.- La regidora del PAN presidenta de la Comisi\u00f3n de Panteones, Ana Mar\u00eda C\u00f3rdoba Hern\u00e1ndez, dio a conocer que en\u00a0Xalapa, los panteones Palo Verde y Bosques del Recuerdo ya se encuentran abiertos al p\u00fablico en un 50 por ciento, luego de 7 meses de continencia sanitaria por COVID-19.<\/p>\n\n\n\n<p>En entrevista se\u00f1al\u00f3 que estos espacios, estar\u00e1n abiertos ante la proximidad del d\u00eda de Muertos y Todos los Santos, tal y como lo marca lo publicado en la Gaceta Municipal, no obstante\u00a0el ingreso ser\u00e1 controlado por personal municipal, adem\u00e1s de que se contar\u00e1 con todas las medidas sanitarias.<\/p>\n\n\n\n<p>\u201cEn los panteones el ingreso va a estar controlado, s\u00f3lo ser\u00e1 del 50 por ciento porque existe una amplitud en los cementerios y habr\u00e1 la oportunidad de que est\u00e9n distanciados\u201d, se\u00f1al\u00f3.<\/p>\n\n\n\n<p>La edil capitalina coment\u00f3 al tiempo que hizo un llamado a las y los ciudadanos para que sigan todas las recomendaciones que emite la Secretar\u00eda de Salud, entre las que destac\u00f3 evitar aglomeraciones.<\/p>\n\n\n\n<p>\u201cPorque es la \u00fanica manera de que las cosas sigan funcionando y que esta reapertura que ha habido vaya con un fin de que ya no se vuelva a cerrar y nos cuidemos\u201d, finaliz\u00f3.<\/p>\n","protected":false},"excerpt":{"rendered":"<p>Dar\u00edo Pale Xalapa, Ver.- La regidora del PAN presidenta de la Comisi\u00f3n de Panteones, Ana Mar\u00eda C\u00f3rdoba Hern\u00e1ndez, dio a conocer que en\u00a0Xalapa, los panteones Palo Verde y Bosques del Recuerdo ya se encuentran abiertos al p\u00fablico en un 50 por ciento, luego de 7 meses de continencia sanitaria por COVID-19. En entrevista se\u00f1al\u00f3 que [&hellip;]<\/p>\n","protected":false},"author":1,"featured_media":6734,"comment_status":"open","ping_status":"open","sticky":false,"template":"","format":"standard","meta":{"_jetpack_memberships_contains_paid_content":false,"footnotes":""},"categories":[3],"tags":[],"class_list":["post-6733","post","type-post","status-publish","format-standard","has-post-thumbnail","hentry","category-xalapa"],"jetpack_featured_media_url":"https:\/\/encuentroinformativo.com.mx\/wp-content\/uploads\/2020\/10\/0783FAB0-BB78-4DB2-884B-E2B34AF992AB.jpeg","jetpack_sharing_enabled":true,"jetpack_likes_enabled":true,"amp_enabled":true,"_links":{"self":[{"href":"https:\/\/encuentroinformativo.com.mx\/index.php?rest_route=\/wp\/v2\/posts\/6733","targetHints":{"allow":["GET"]}}],"collection":[{"href":"https:\/\/encuentroinformativo.com.mx\/index.php?rest_route=\/wp\/v2\/posts"}],"about":[{"href":"https:\/\/encuentroinformativo.com.mx\/index.php?rest_route=\/wp\/v2\/types\/post"}],"author":[{"embeddable":true,"href":"https:\/\/encuentroinformativo.com.mx\/index.php?rest_route=\/wp\/v2\/users\/1"}],"replies":[{"embeddable":true,"href":"https:\/\/encuentroinformativo.com.mx\/index.php?rest_route=%2Fwp%2Fv2%2Fcomments&post=6733"}],"version-history":[{"count":1,"href":"https:\/\/encuentroinformativo.com.mx\/index.php?rest_route=\/wp\/v2\/posts\/6733\/revisions"}],"predecessor-version":[{"id":6735,"href":"https:\/\/encuentroinformativo.com.mx\/index.php?rest_route=\/wp\/v2\/posts\/6733\/revisions\/6735"}],"wp:featuredmedia":[{"embeddable":true,"href":"https:\/\/encuentroinformativo.com.mx\/index.php?rest_route=\/wp\/v2\/media\/6734"}],"wp:attachment":[{"href":"https:\/\/encuentroinformativo.com.mx\/index.php?rest_route=%2Fwp%2Fv2%2Fmedia&parent=6733"}],"wp:term":[{"taxonomy":"category","embeddable":true,"href":"https:\/\/encuentroinformativo.com.mx\/index.php?rest_route=%2Fwp%2Fv2%2Fcategories&post=6733"},{"taxonomy":"post_tag","embeddable":true,"href":"https:\/\/encuentroinformativo.com.mx\/index.php?rest_route=%2Fwp%2Fv2%2Ftags&post=6733"}],"curies":[{"name":"wp","href":"https:\/\/api.w.org\/{rel}","templated":true}]}}