{"id":67335,"date":"2025-05-19T16:48:07","date_gmt":"2025-05-19T22:48:07","guid":{"rendered":"https:\/\/encuentroinformativo.com.mx\/?p=67335"},"modified":"2025-05-19T16:48:07","modified_gmt":"2025-05-19T22:48:07","slug":"en-misantla-profepa-clausura-acceso-a-rios-por-extraccion-ilegal-de-piedra","status":"publish","type":"post","link":"https:\/\/encuentroinformativo.com.mx\/?p=67335","title":{"rendered":"En Misantla, PROFEPA clausura acceso a r\u00edos por extracci\u00f3n ilegal de piedra"},"content":{"rendered":"<p><strong>Alejandro \u00c1vila<\/strong><\/p>\n<p>Misantla, Ver.- El acceso a tres r\u00edos en el municipio de Misantla ha sido clausurado por la Procuradur\u00eda Federal de Protecci\u00f3n al Ambiente (PROFEPA), mientras se realiza la investigaci\u00f3n de una extracci\u00f3n ilegal de material p\u00e9treo en los cuerpos de agua del Chapa Chapa, Quilate y Misantla.<\/p>\n<p>Ambientalistas de la zona del totonacapan mencionaron que entre los presuntos responsables se encuentra el actual alcalde, Javier Hern\u00e1ndez Candanedo<\/p>\n<p>En Chapa Chapa, la extracci\u00f3n desmedida ha dejado visible la capa de tepetate, suelo est\u00e9ril incapaz de regenerarse, mientras que los cauces alterados aumentan el riesgo de inundaciones.<\/p>\n<p>Este saqueo sistem\u00e1tico escond\u00eda un lucrativo negocio; el material robado se utilizaba en obras p\u00fablicas; se cobraba 20 por ciento extra a comunidades y 30 por ciento a constructoras; las ganancias se duplicaban al vender lo extra\u00eddo ilegalmente<\/p>\n<p>La extracci\u00f3n no autorizada de materiales p\u00e9treos est\u00e1 tipificada como delito ambiental en el C\u00f3digo Penal Federal, con penas de 1 a 9 a\u00f1os de prisi\u00f3n.<\/p>\n","protected":false},"excerpt":{"rendered":"<p>Alejandro \u00c1vila Misantla, Ver.- El acceso a tres r\u00edos en el municipio de Misantla ha sido clausurado por la Procuradur\u00eda Federal de Protecci\u00f3n al Ambiente (PROFEPA), mientras se realiza la investigaci\u00f3n de una extracci\u00f3n ilegal de material p\u00e9treo en los cuerpos de agua del Chapa Chapa, Quilate y Misantla. Ambientalistas de la zona del totonacapan [&hellip;]<\/p>\n","protected":false},"author":2476,"featured_media":67336,"comment_status":"open","ping_status":"open","sticky":false,"template":"","format":"standard","meta":{"_jetpack_memberships_contains_paid_content":false,"footnotes":""},"categories":[2],"tags":[],"class_list":["post-67335","post","type-post","status-publish","format-standard","has-post-thumbnail","hentry","category-estado"],"jetpack_featured_media_url":"https:\/\/encuentroinformativo.com.mx\/wp-content\/uploads\/2025\/05\/IMG-20250519-WA0165.jpg","jetpack_sharing_enabled":true,"jetpack_likes_enabled":true,"amp_enabled":true,"_links":{"self":[{"href":"https:\/\/encuentroinformativo.com.mx\/index.php?rest_route=\/wp\/v2\/posts\/67335","targetHints":{"allow":["GET"]}}],"collection":[{"href":"https:\/\/encuentroinformativo.com.mx\/index.php?rest_route=\/wp\/v2\/posts"}],"about":[{"href":"https:\/\/encuentroinformativo.com.mx\/index.php?rest_route=\/wp\/v2\/types\/post"}],"author":[{"embeddable":true,"href":"https:\/\/encuentroinformativo.com.mx\/index.php?rest_route=\/wp\/v2\/users\/2476"}],"replies":[{"embeddable":true,"href":"https:\/\/encuentroinformativo.com.mx\/index.php?rest_route=%2Fwp%2Fv2%2Fcomments&post=67335"}],"version-history":[{"count":1,"href":"https:\/\/encuentroinformativo.com.mx\/index.php?rest_route=\/wp\/v2\/posts\/67335\/revisions"}],"predecessor-version":[{"id":67337,"href":"https:\/\/encuentroinformativo.com.mx\/index.php?rest_route=\/wp\/v2\/posts\/67335\/revisions\/67337"}],"wp:featuredmedia":[{"embeddable":true,"href":"https:\/\/encuentroinformativo.com.mx\/index.php?rest_route=\/wp\/v2\/media\/67336"}],"wp:attachment":[{"href":"https:\/\/encuentroinformativo.com.mx\/index.php?rest_route=%2Fwp%2Fv2%2Fmedia&parent=67335"}],"wp:term":[{"taxonomy":"category","embeddable":true,"href":"https:\/\/encuentroinformativo.com.mx\/index.php?rest_route=%2Fwp%2Fv2%2Fcategories&post=67335"},{"taxonomy":"post_tag","embeddable":true,"href":"https:\/\/encuentroinformativo.com.mx\/index.php?rest_route=%2Fwp%2Fv2%2Ftags&post=67335"}],"curies":[{"name":"wp","href":"https:\/\/api.w.org\/{rel}","templated":true}]}}