{"id":67342,"date":"2025-05-19T20:05:58","date_gmt":"2025-05-20T02:05:58","guid":{"rendered":"https:\/\/encuentroinformativo.com.mx\/?p=67342"},"modified":"2025-05-19T20:05:58","modified_gmt":"2025-05-20T02:05:58","slug":"arde-el-cerro-de-huiloapan-pobladores-piden-apoyo-urgente-de-autoridades","status":"publish","type":"post","link":"https:\/\/encuentroinformativo.com.mx\/?p=67342","title":{"rendered":"Arde el cerro de Huiloapan; pobladores piden apoyo urgente de autoridades"},"content":{"rendered":"<p>Huiloapan, Ver.- Un incendio forestal de gran magnitud consume desde la tarde de ayer el cerro de Huiloapan, ubicado a un costado de la Autopista 150D Puebla-Orizaba, a la altura del kil\u00f3metro 266. Las llamas se extendieron r\u00e1pidamente, presuntamente a causa de las altas temperaturas que se han registrado en la regi\u00f3n de las Altas Monta\u00f1as.<\/p>\n<p>Al lugar han acudido decenas de voluntarios y brigadistas, as\u00ed como elementos de los Bomberos Regionales Altas Monta\u00f1as, de Nogales y Orizaba, adem\u00e1s de personal de la Comisi\u00f3n Nacional Forestal (Conafor), quienes han iniciado labores para contener el fuego mediante la apertura de brechas corta-fuego.<\/p>\n<p>A trav\u00e9s de redes sociales, habitantes de Huiloapan han solicitado el apoyo urgente de Protecci\u00f3n Civil del estado, de la Polic\u00eda Estatal mediante su Plan Taj\u00edn y de la Secretar\u00eda de la Defensa Nacional (Sedena), a trav\u00e9s del Plan DN-III-E, ya que varias hect\u00e1reas de zona arbolada est\u00e1n siendo consumidas por el fuego.<\/p>\n<p>Se espera que las labores se intensifiquen, y de ser necesario, se contemple el uso de un helic\u00f3ptero para combatir el incendio desde el aire y evitar que las llamas se extiendan hacia zonas habitadas o de mayor riesgo.<\/p>\n<p><img loading=\"lazy\" decoding=\"async\" class=\"aligncenter size-medium wp-image-67344\" src=\"https:\/\/encuentroinformativo.com.mx\/wp-content\/uploads\/2025\/05\/IMG-20250519-WA0337-300x200.jpg\" alt=\"\" width=\"300\" height=\"200\" srcset=\"https:\/\/encuentroinformativo.com.mx\/wp-content\/uploads\/2025\/05\/IMG-20250519-WA0337-300x200.jpg 300w, https:\/\/encuentroinformativo.com.mx\/wp-content\/uploads\/2025\/05\/IMG-20250519-WA0337-1024x683.jpg 1024w, https:\/\/encuentroinformativo.com.mx\/wp-content\/uploads\/2025\/05\/IMG-20250519-WA0337-768x512.jpg 768w, https:\/\/encuentroinformativo.com.mx\/wp-content\/uploads\/2025\/05\/IMG-20250519-WA0337-1536x1024.jpg 1536w, https:\/\/encuentroinformativo.com.mx\/wp-content\/uploads\/2025\/05\/IMG-20250519-WA0337.jpg 1599w\" sizes=\"auto, (max-width: 300px) 100vw, 300px\" \/><\/p>\n","protected":false},"excerpt":{"rendered":"<p>Huiloapan, Ver.- Un incendio forestal de gran magnitud consume desde la tarde de ayer el cerro de Huiloapan, ubicado a un costado de la Autopista 150D Puebla-Orizaba, a la altura del kil\u00f3metro 266. Las llamas se extendieron r\u00e1pidamente, presuntamente a causa de las altas temperaturas que se han registrado en la regi\u00f3n de las Altas [&hellip;]<\/p>\n","protected":false},"author":2476,"featured_media":67343,"comment_status":"open","ping_status":"open","sticky":false,"template":"","format":"standard","meta":{"_jetpack_memberships_contains_paid_content":false,"footnotes":""},"categories":[2],"tags":[],"class_list":["post-67342","post","type-post","status-publish","format-standard","has-post-thumbnail","hentry","category-estado"],"jetpack_featured_media_url":"https:\/\/encuentroinformativo.com.mx\/wp-content\/uploads\/2025\/05\/IMG-20250519-WA03372.jpg","jetpack_sharing_enabled":true,"jetpack_likes_enabled":true,"amp_enabled":true,"_links":{"self":[{"href":"https:\/\/encuentroinformativo.com.mx\/index.php?rest_route=\/wp\/v2\/posts\/67342","targetHints":{"allow":["GET"]}}],"collection":[{"href":"https:\/\/encuentroinformativo.com.mx\/index.php?rest_route=\/wp\/v2\/posts"}],"about":[{"href":"https:\/\/encuentroinformativo.com.mx\/index.php?rest_route=\/wp\/v2\/types\/post"}],"author":[{"embeddable":true,"href":"https:\/\/encuentroinformativo.com.mx\/index.php?rest_route=\/wp\/v2\/users\/2476"}],"replies":[{"embeddable":true,"href":"https:\/\/encuentroinformativo.com.mx\/index.php?rest_route=%2Fwp%2Fv2%2Fcomments&post=67342"}],"version-history":[{"count":1,"href":"https:\/\/encuentroinformativo.com.mx\/index.php?rest_route=\/wp\/v2\/posts\/67342\/revisions"}],"predecessor-version":[{"id":67345,"href":"https:\/\/encuentroinformativo.com.mx\/index.php?rest_route=\/wp\/v2\/posts\/67342\/revisions\/67345"}],"wp:featuredmedia":[{"embeddable":true,"href":"https:\/\/encuentroinformativo.com.mx\/index.php?rest_route=\/wp\/v2\/media\/67343"}],"wp:attachment":[{"href":"https:\/\/encuentroinformativo.com.mx\/index.php?rest_route=%2Fwp%2Fv2%2Fmedia&parent=67342"}],"wp:term":[{"taxonomy":"category","embeddable":true,"href":"https:\/\/encuentroinformativo.com.mx\/index.php?rest_route=%2Fwp%2Fv2%2Fcategories&post=67342"},{"taxonomy":"post_tag","embeddable":true,"href":"https:\/\/encuentroinformativo.com.mx\/index.php?rest_route=%2Fwp%2Fv2%2Ftags&post=67342"}],"curies":[{"name":"wp","href":"https:\/\/api.w.org\/{rel}","templated":true}]}}