{"id":6736,"date":"2020-10-09T14:22:11","date_gmt":"2020-10-09T19:22:11","guid":{"rendered":"https:\/\/encuentroinformativo.com.mx\/?p=6736"},"modified":"2020-10-09T14:22:41","modified_gmt":"2020-10-09T19:22:41","slug":"en-xalapa-silver-se-recupera-de-covid","status":"publish","type":"post","link":"https:\/\/encuentroinformativo.com.mx\/?p=6736","title":{"rendered":"En Xalapa, \u201cSilver\u201d se recupera de Covid"},"content":{"rendered":"\n<p><strong>Juan Arcos <\/strong><\/p>\n\n\n\n<p>Xalapa, Ver.- Silverio Cruz Bonilla, mejor conocido como \u201cSilver\u201d, fue dado de alta, luego de estar internado varios d\u00edas por SARS-COV-2 (COVID-19) en el Centro de Alta Especialidad (CAE) \u201cDoctor Rafael Lucio\u201d y en el Centro de Atenci\u00f3n M\u00e9dica Expandida (CAME-C19), ubicado en el Vel\u00f3dromo de Xalapa.<\/p>\n\n\n\n<p>Se trata de un personaje muy conocido entre la comunidad de la Unidad Acad\u00e9mica de Humanidades de la Universidad Veracruzana (UV), quien ha formado parte de algunos colectivos en defensa del medio ambiente y de los derechos humanos, y tambi\u00e9n vend\u00eda libros, de manera ambulante, en la ciudad.<\/p>\n\n\n\n<p>Adem\u00e1s, es fundador, l\u00edder y \u00fanico integrante de la legendaria brigada Tony Curtis y vocero oficial del \u201c\u00c1nima de San Bruno\u201d.\u00a0<br>Silverio circul\u00f3 un video en redes sociales donde informa que logr\u00f3 obtener su alta m\u00e9dica y que continuar\u00e1 en recuperaci\u00f3n, en un domicilio particular.<\/p>\n\n\n\n<p>\u201cNada m\u00e1s para decirles que ya sal\u00ed del Vel\u00f3dromo, ya me tienen instalado en una casita donde voy a estar siguiendo mi recuperaci\u00f3n, esperando que pronto pueda volver a la calles. Extra\u00f1o a las calles, extra\u00f1o a la gente, los extra\u00f1o a ustedes, extra\u00f1o su amistad\u201d, expres\u00f3.<\/p>\n\n\n\n<p>Cabe recordar que algunos de sus amigos y conocidos iniciaron una colecta en Facebook para recaudar fondos y cubrir los gastos m\u00e9dicos de \u201cSilver\u201d.<\/p>\n\n\n\n<p>Cruz Bonilla agradeci\u00f3 a todas las personas que se sumaron y lo apoyaron econ\u00f3micamente.<\/p>\n\n\n\n<p>\u201cMuchas gracias por apoyarme. Un saludo, mi afecto, mi cari\u00f1o, mi solidaridad y amor con ustedes, muchas gracias\u201d, enfatiz\u00f3.<\/p>\n","protected":false},"excerpt":{"rendered":"<p>Juan Arcos Xalapa, Ver.- Silverio Cruz Bonilla, mejor conocido como \u201cSilver\u201d, fue dado de alta, luego de estar internado varios d\u00edas por SARS-COV-2 (COVID-19) en el Centro de Alta Especialidad (CAE) \u201cDoctor Rafael Lucio\u201d y en el Centro de Atenci\u00f3n M\u00e9dica Expandida (CAME-C19), ubicado en el Vel\u00f3dromo de Xalapa. Se trata de un personaje muy [&hellip;]<\/p>\n","protected":false},"author":1,"featured_media":6737,"comment_status":"open","ping_status":"open","sticky":false,"template":"","format":"standard","meta":{"_jetpack_memberships_contains_paid_content":false,"footnotes":""},"categories":[9],"tags":[],"class_list":["post-6736","post","type-post","status-publish","format-standard","has-post-thumbnail","hentry","category-salud"],"jetpack_featured_media_url":"https:\/\/encuentroinformativo.com.mx\/wp-content\/uploads\/2020\/10\/B227F481-98FF-44D0-A7FF-093EB67ACC0D.jpeg","jetpack_sharing_enabled":true,"jetpack_likes_enabled":true,"amp_enabled":true,"_links":{"self":[{"href":"https:\/\/encuentroinformativo.com.mx\/index.php?rest_route=\/wp\/v2\/posts\/6736","targetHints":{"allow":["GET"]}}],"collection":[{"href":"https:\/\/encuentroinformativo.com.mx\/index.php?rest_route=\/wp\/v2\/posts"}],"about":[{"href":"https:\/\/encuentroinformativo.com.mx\/index.php?rest_route=\/wp\/v2\/types\/post"}],"author":[{"embeddable":true,"href":"https:\/\/encuentroinformativo.com.mx\/index.php?rest_route=\/wp\/v2\/users\/1"}],"replies":[{"embeddable":true,"href":"https:\/\/encuentroinformativo.com.mx\/index.php?rest_route=%2Fwp%2Fv2%2Fcomments&post=6736"}],"version-history":[{"count":1,"href":"https:\/\/encuentroinformativo.com.mx\/index.php?rest_route=\/wp\/v2\/posts\/6736\/revisions"}],"predecessor-version":[{"id":6738,"href":"https:\/\/encuentroinformativo.com.mx\/index.php?rest_route=\/wp\/v2\/posts\/6736\/revisions\/6738"}],"wp:featuredmedia":[{"embeddable":true,"href":"https:\/\/encuentroinformativo.com.mx\/index.php?rest_route=\/wp\/v2\/media\/6737"}],"wp:attachment":[{"href":"https:\/\/encuentroinformativo.com.mx\/index.php?rest_route=%2Fwp%2Fv2%2Fmedia&parent=6736"}],"wp:term":[{"taxonomy":"category","embeddable":true,"href":"https:\/\/encuentroinformativo.com.mx\/index.php?rest_route=%2Fwp%2Fv2%2Fcategories&post=6736"},{"taxonomy":"post_tag","embeddable":true,"href":"https:\/\/encuentroinformativo.com.mx\/index.php?rest_route=%2Fwp%2Fv2%2Ftags&post=6736"}],"curies":[{"name":"wp","href":"https:\/\/api.w.org\/{rel}","templated":true}]}}