{"id":67362,"date":"2025-05-20T08:18:56","date_gmt":"2025-05-20T14:18:56","guid":{"rendered":"https:\/\/encuentroinformativo.com.mx\/?p=67362"},"modified":"2025-05-20T08:18:56","modified_gmt":"2025-05-20T14:18:56","slug":"reciben-a-america-yamilet-en-xalapa","status":"publish","type":"post","link":"https:\/\/encuentroinformativo.com.mx\/?p=67362","title":{"rendered":"Reciben a Am\u00e9rica Yamilet en Xalapa"},"content":{"rendered":"<p><strong>* Es una de las v\u00edctimas del accidente del buque Cuauht\u00e9moc.<\/strong><\/p>\n<p><strong>Dar\u00edo Pale<\/strong><\/p>\n<p>Xalapa, Ver.- Llega Am\u00e9rica Yamilet a su casa a la media noche fue velada en su casa, familiares, amigos y vecinos se congregan para recibirla.<\/p>\n<p>Familiares, amigos y vecinos se congregaron en el domicilio de la cadete de la Secretar\u00eda de Marina, Am\u00e9rica Yamilet S\u00e1nchez de 20 a\u00f1os, para recibirla.<\/p>\n<p>Ella fue una de las dos v\u00edctimas mortales del buque escuela &#8220;Cuauht\u00e9moc &#8220;.<\/p>\n<p>Alrededor de las 11:45 arrib\u00f3 la caravana que transportaba su f\u00e9retro, blanco y con enormes coronas.<\/p>\n<p>La calle Manuel Olmos de la colonia Emiliano Zapata, result\u00f3 insuficiente ante las muestras de cari\u00f1o de quienes la recuerdan como una chica inteligente, amorosa y buena ni\u00f1a.<\/p>\n<p>&#8220;Adoraba nadar. Por eso escogi\u00f3 estar en La Marina&#8221;, declar\u00f3 una de sus vecinas.<\/p>\n<p>&#8220;Aqu\u00ed la queremos mucho, ella siempre estaba sonriendo&#8221;, resalt\u00f3 uno de sus ex compa\u00f1eros de escuela.<\/p>\n<p>Cosme S\u00e1nchez, padre de Am\u00e9rica Yamilet, polic\u00eda de profesi\u00f3n baj\u00f3 de la carroza y con l\u00e1grimas en los ojos, portando la fotograf\u00eda de Am\u00e9rica Yamilet, inform\u00f3 que su hija ser\u00e1 sepultada en Bosques del Recuerdo en esta capital.<\/p>\n<p>&#8220;Mi hija fue un gran orgullo para m\u00ed, para todo M\u00e9xico. Estoy muy orgulloso de mi hija. Estoy destrozado, pero gracias por acompa\u00f1arme en este momento&#8221;, dijo a los asistentes.<\/p>\n<p>Am\u00e9rica Yamilet ten\u00eda 20 a\u00f1os, este pr\u00f3ximo 11 de junio cumplir\u00e1 los 21 a\u00f1os.<\/p>\n<p>Estudiaba el s\u00e9ptimo semestre en la Her\u00f3ica Escuela Naval Militar de Ant\u00f3n Lizardo en Veracruz y formaba parte del crucero de instrucci\u00f3n que este a\u00f1o recorrer\u00eda 15 pa\u00edses y 22 puertos.<\/p>\n<p>El tr\u00e1gico incidente ocurri\u00f3 el pasado s\u00e1bado cuando el \u2018Cuauht\u00e9moc\u2019, con 277 personas a bordo, se preparaba para partir hacia Islandia, tras una visita a Nueva York que comenz\u00f3 el 13 de mayo como parte de su misi\u00f3n de diplomacia p\u00fablica y formaci\u00f3n naval.<\/p>\n<p>Durante la maniobra, el buque perdi\u00f3 el control y retrocedi\u00f3, impactando sus m\u00e1stiles contra la estructura del puente Brooklyn.<\/p>\n<p><img loading=\"lazy\" decoding=\"async\" class=\"aligncenter size-medium wp-image-67364\" src=\"https:\/\/encuentroinformativo.com.mx\/wp-content\/uploads\/2025\/05\/IMG-20250520-WA00062-300x169.jpg\" alt=\"\" width=\"300\" height=\"169\" srcset=\"https:\/\/encuentroinformativo.com.mx\/wp-content\/uploads\/2025\/05\/IMG-20250520-WA00062-300x169.jpg 300w, https:\/\/encuentroinformativo.com.mx\/wp-content\/uploads\/2025\/05\/IMG-20250520-WA00062-1024x576.jpg 1024w, https:\/\/encuentroinformativo.com.mx\/wp-content\/uploads\/2025\/05\/IMG-20250520-WA00062-768x432.jpg 768w, https:\/\/encuentroinformativo.com.mx\/wp-content\/uploads\/2025\/05\/IMG-20250520-WA00062-1536x864.jpg 1536w, https:\/\/encuentroinformativo.com.mx\/wp-content\/uploads\/2025\/05\/IMG-20250520-WA00062.jpg 1599w\" sizes=\"auto, (max-width: 300px) 100vw, 300px\" \/><\/p>\n","protected":false},"excerpt":{"rendered":"<p>* Es una de las v\u00edctimas del accidente del buque Cuauht\u00e9moc. Dar\u00edo Pale Xalapa, Ver.- Llega Am\u00e9rica Yamilet a su casa a la media noche fue velada en su casa, familiares, amigos y vecinos se congregan para recibirla. Familiares, amigos y vecinos se congregaron en el domicilio de la cadete de la Secretar\u00eda de Marina, [&hellip;]<\/p>\n","protected":false},"author":2476,"featured_media":67363,"comment_status":"open","ping_status":"open","sticky":false,"template":"","format":"standard","meta":{"_jetpack_memberships_contains_paid_content":false,"footnotes":""},"categories":[3],"tags":[],"class_list":["post-67362","post","type-post","status-publish","format-standard","has-post-thumbnail","hentry","category-xalapa"],"jetpack_featured_media_url":"https:\/\/encuentroinformativo.com.mx\/wp-content\/uploads\/2025\/05\/IMG-20250520-WA00012.jpg","jetpack_sharing_enabled":true,"jetpack_likes_enabled":true,"amp_enabled":true,"_links":{"self":[{"href":"https:\/\/encuentroinformativo.com.mx\/index.php?rest_route=\/wp\/v2\/posts\/67362","targetHints":{"allow":["GET"]}}],"collection":[{"href":"https:\/\/encuentroinformativo.com.mx\/index.php?rest_route=\/wp\/v2\/posts"}],"about":[{"href":"https:\/\/encuentroinformativo.com.mx\/index.php?rest_route=\/wp\/v2\/types\/post"}],"author":[{"embeddable":true,"href":"https:\/\/encuentroinformativo.com.mx\/index.php?rest_route=\/wp\/v2\/users\/2476"}],"replies":[{"embeddable":true,"href":"https:\/\/encuentroinformativo.com.mx\/index.php?rest_route=%2Fwp%2Fv2%2Fcomments&post=67362"}],"version-history":[{"count":1,"href":"https:\/\/encuentroinformativo.com.mx\/index.php?rest_route=\/wp\/v2\/posts\/67362\/revisions"}],"predecessor-version":[{"id":67365,"href":"https:\/\/encuentroinformativo.com.mx\/index.php?rest_route=\/wp\/v2\/posts\/67362\/revisions\/67365"}],"wp:featuredmedia":[{"embeddable":true,"href":"https:\/\/encuentroinformativo.com.mx\/index.php?rest_route=\/wp\/v2\/media\/67363"}],"wp:attachment":[{"href":"https:\/\/encuentroinformativo.com.mx\/index.php?rest_route=%2Fwp%2Fv2%2Fmedia&parent=67362"}],"wp:term":[{"taxonomy":"category","embeddable":true,"href":"https:\/\/encuentroinformativo.com.mx\/index.php?rest_route=%2Fwp%2Fv2%2Fcategories&post=67362"},{"taxonomy":"post_tag","embeddable":true,"href":"https:\/\/encuentroinformativo.com.mx\/index.php?rest_route=%2Fwp%2Fv2%2Ftags&post=67362"}],"curies":[{"name":"wp","href":"https:\/\/api.w.org\/{rel}","templated":true}]}}