{"id":67369,"date":"2025-05-20T10:36:19","date_gmt":"2025-05-20T16:36:19","guid":{"rendered":"https:\/\/encuentroinformativo.com.mx\/?p=67369"},"modified":"2025-05-20T10:36:19","modified_gmt":"2025-05-20T16:36:19","slug":"garcia-harfuch-informa-en-la-mananera-sobre-la-detencion-de-domingo-n","status":"publish","type":"post","link":"https:\/\/encuentroinformativo.com.mx\/?p=67369","title":{"rendered":"Garc\u00eda Harfuch informa en la ma\u00f1anera\u00a0sobre la detenci\u00f3n de Domingo \u201cN\u201d"},"content":{"rendered":"<p><strong>Jos\u00e9 Vargas<\/strong><\/p>\n<p>Ciudad de M\u00e9xico.- El secretario de Seguridad y Protecci\u00f3n Ciudadana, Omar Garc\u00eda Harfuch, inform\u00f3 este martes sobre la detenci\u00f3n de Domingo \u201cN\u201d, se\u00f1alado como probable responsable de dos homicidios de alto impacto ocurridos en Veracruz: el del exalcalde de Texistepec, Sa\u00fal Reyes, en 2022, y el de la candidata Yesenia Lara, asesinada el pasado 11 de mayo de este a\u00f1o.<\/p>\n<p>Durante la conferencia matutina de la presidenta Claudia Sheinbaum Pardo, Garc\u00eda Harfuch explic\u00f3 que Domingo \u201cN\u201d fue detenido gracias a una labor de inteligencia coordinada entre autoridades federales y estatales, y destac\u00f3 que su captura representa un paso importante en el combate a los cr\u00edmenes pol\u00edticos que han sacudido la regi\u00f3n.<\/p>\n<p>\u201cEl d\u00eda de hoy informamos sobre la detenci\u00f3n de Domingo \u2018N\u2019, quien cuenta con una orden de aprehensi\u00f3n por homicidio doloso calificado en contra del exalcalde Sa\u00fal Reyes, asesinado en diciembre de 2022 en Texistepec. Adem\u00e1s, se le investiga por su posible participaci\u00f3n en el homicidio de la candidata Yesenia Lara, ocurrido este mismo mes\u201d, se\u00f1al\u00f3 el secretario.<\/p>\n<p>Posteriormente, la Fiscal\u00eda General del Estado de Veracruz confirm\u00f3 que un juez de control con sede en Acayucan vincul\u00f3 a proceso al imputado por el homicidio de Reyes. La audiencia judicial, enmarcada en la causa penal 43\/2025, concluy\u00f3 con la ratificaci\u00f3n de la medida cautelar de prisi\u00f3n preventiva.<\/p>\n<p>El asesinato de Sa\u00fal Reyes gener\u00f3 conmoci\u00f3n en la comunidad de Texistepec, mientras que el reciente crimen de Yesenia Lara, ocurrido en pleno proceso electoral, encendi\u00f3 las alertas en materia de violencia pol\u00edtica en la entidad. Ambos casos forman parte de una investigaci\u00f3n m\u00e1s amplia sobre grupos delictivos que operan en la zona sur del estado.<\/p>\n<p>Aunque a\u00fan no se determina la relaci\u00f3n directa entre ambos cr\u00edmenes, las autoridades federales y estatales trabajan bajo la hip\u00f3tesis de que Domingo \u201cN\u201d podr\u00eda formar parte de una red criminal con implicaciones pol\u00edticas, lo que ha motivado el seguimiento prioritario del caso.<\/p>\n<p>Garc\u00eda Harfuch reiter\u00f3 el compromiso del gobierno federal con el esclarecimiento de delitos de alto impacto, especialmente aquellos relacionados con actores pol\u00edticos y procesos electorales. \u201cNo habr\u00e1 impunidad\u201d, asegur\u00f3<\/p>\n","protected":false},"excerpt":{"rendered":"<p>Jos\u00e9 Vargas Ciudad de M\u00e9xico.- El secretario de Seguridad y Protecci\u00f3n Ciudadana, Omar Garc\u00eda Harfuch, inform\u00f3 este martes sobre la detenci\u00f3n de Domingo \u201cN\u201d, se\u00f1alado como probable responsable de dos homicidios de alto impacto ocurridos en Veracruz: el del exalcalde de Texistepec, Sa\u00fal Reyes, en 2022, y el de la candidata Yesenia Lara, asesinada el [&hellip;]<\/p>\n","protected":false},"author":2476,"featured_media":67370,"comment_status":"open","ping_status":"open","sticky":false,"template":"","format":"standard","meta":{"_jetpack_memberships_contains_paid_content":false,"footnotes":""},"categories":[12],"tags":[],"class_list":["post-67369","post","type-post","status-publish","format-standard","has-post-thumbnail","hentry","category-nacional"],"jetpack_featured_media_url":"https:\/\/encuentroinformativo.com.mx\/wp-content\/uploads\/2025\/05\/IMG-20250520-WA00602.jpg","jetpack_sharing_enabled":true,"jetpack_likes_enabled":true,"amp_enabled":true,"_links":{"self":[{"href":"https:\/\/encuentroinformativo.com.mx\/index.php?rest_route=\/wp\/v2\/posts\/67369","targetHints":{"allow":["GET"]}}],"collection":[{"href":"https:\/\/encuentroinformativo.com.mx\/index.php?rest_route=\/wp\/v2\/posts"}],"about":[{"href":"https:\/\/encuentroinformativo.com.mx\/index.php?rest_route=\/wp\/v2\/types\/post"}],"author":[{"embeddable":true,"href":"https:\/\/encuentroinformativo.com.mx\/index.php?rest_route=\/wp\/v2\/users\/2476"}],"replies":[{"embeddable":true,"href":"https:\/\/encuentroinformativo.com.mx\/index.php?rest_route=%2Fwp%2Fv2%2Fcomments&post=67369"}],"version-history":[{"count":1,"href":"https:\/\/encuentroinformativo.com.mx\/index.php?rest_route=\/wp\/v2\/posts\/67369\/revisions"}],"predecessor-version":[{"id":67371,"href":"https:\/\/encuentroinformativo.com.mx\/index.php?rest_route=\/wp\/v2\/posts\/67369\/revisions\/67371"}],"wp:featuredmedia":[{"embeddable":true,"href":"https:\/\/encuentroinformativo.com.mx\/index.php?rest_route=\/wp\/v2\/media\/67370"}],"wp:attachment":[{"href":"https:\/\/encuentroinformativo.com.mx\/index.php?rest_route=%2Fwp%2Fv2%2Fmedia&parent=67369"}],"wp:term":[{"taxonomy":"category","embeddable":true,"href":"https:\/\/encuentroinformativo.com.mx\/index.php?rest_route=%2Fwp%2Fv2%2Fcategories&post=67369"},{"taxonomy":"post_tag","embeddable":true,"href":"https:\/\/encuentroinformativo.com.mx\/index.php?rest_route=%2Fwp%2Fv2%2Ftags&post=67369"}],"curies":[{"name":"wp","href":"https:\/\/api.w.org\/{rel}","templated":true}]}}