{"id":67407,"date":"2025-05-20T18:14:38","date_gmt":"2025-05-21T00:14:38","guid":{"rendered":"https:\/\/encuentroinformativo.com.mx\/?p=67407"},"modified":"2025-05-20T18:14:41","modified_gmt":"2025-05-21T00:14:41","slug":"renuncia-elvis-ventura-a-candidatura-por-alcaldia-de-nanchital","status":"publish","type":"post","link":"https:\/\/encuentroinformativo.com.mx\/?p=67407","title":{"rendered":"Renuncia Elvis Ventura a candidatura por alcald\u00eda de Nanchital\u00a0"},"content":{"rendered":"<p><strong>Jos\u00e9 Vargas<\/strong><\/p>\n<p>Nanchital, Ver.- Elvis Ventura Ju\u00e1rez, empresario y pol\u00edtico local, se convirti\u00f3 en una de las figuras m\u00e1s comentadas en el panorama electoral de Nanchital durante el proceso de selecci\u00f3n de candidatos para la elecci\u00f3n municipal de 2025. Con una carrera forjada m\u00e1s en el trabajo comunitario que en los reflectores partidistas, Ventura se perfil\u00f3 como un aspirante s\u00f3lido a la presidencia municipal por Movimiento Ciudadano (MC). Su trayectoria, sin embargo, dio un giro inesperado que lo oblig\u00f3 a renunciar en plena campa\u00f1a.<\/p>\n<p><strong>\u201cDe empresario a servidor p\u00fablico\u201d<\/strong><\/p>\n<p>Conocido ampliamente en Nanchital, Ixhuatl\u00e1n del Sureste y Moloac\u00e1n, Elvis Ventura Ju\u00e1rez ciment\u00f3 su reputaci\u00f3n como un empresario exitoso y un fil\u00e1ntropo cercano a la gente. Su compromiso social qued\u00f3 de manifiesto durante su periodo como regidor del Ayuntamiento de Nanchital, cargo que asumi\u00f3 en 2022. Desde esa posici\u00f3n, promovi\u00f3 iniciativas en favor de los sectores vulnerables, ayudando a familias de escasos recursos sin recurrir a fondos p\u00fablicos, una caracter\u00edstica que le vali\u00f3 reconocimiento en la regi\u00f3n.<\/p>\n<p>A finales de 2024, Ventura solicit\u00f3 licencia a su cargo como regidor para registrarse como precandidato de MC a la presidencia municipal. Su discurso pol\u00edtico se centr\u00f3 en cuatro ejes: la soluci\u00f3n a las inundaciones en colonias marginadas, la reactivaci\u00f3n de espacios deportivos, el impulso a la mano de obra local y la instauraci\u00f3n de un gobierno de puertas abiertas.<\/p>\n<p><strong>\u201cUna campa\u00f1a con fuerza ciudadana\u201d<\/strong><\/p>\n<p>Durante la precampa\u00f1a y el arranque de la contienda electoral, Ventura demostr\u00f3 su capacidad de convocatoria. Se mantuvo activo en redes sociales, donde compart\u00eda actividades, propuestas y encuentros vecinales. Diversos sectores, incluida la colonia San Nicol\u00e1s de Bari, expresaron abiertamente su respaldo. Para muchos votantes, Ventura representaba una opci\u00f3n alejada de las estructuras tradicionales del poder.<\/p>\n<p>Su experiencia como empresario fortaleci\u00f3 su discurso de eficiencia administrativa y autonom\u00eda financiera, mientras que su formaci\u00f3n pol\u00edtica se fue consolidando desde la pr\u00e1ctica comunitaria m\u00e1s que desde cargos partidistas o diplomados en gobernanza.<\/p>\n<p><strong>\u201cEsc\u00e1ndalo y renuncia\u201d<\/strong><br \/>\nEste 20 de mayo de 2025, en plena campa\u00f1a, un video difundido en redes sociales por un presunto miembro del crimen organizado coloc\u00f3 a Ventura en el centro de una pol\u00e9mica. En dicho material, se le mencionaba como protector de actividades il\u00edcitas. Aunque no exist\u00eda una investigaci\u00f3n previa en su contra ni acusaciones formales, el impacto medi\u00e1tico fue inmediato.<\/p>\n<p>Ante la gravedad del se\u00f1alamiento, el propio Ventura anunci\u00f3 su retiro de la contienda y present\u00f3 su renuncia oficial ante el Organismo P\u00fablico Local Electoral. La Fiscal\u00eda General del Estado de Veracruz inici\u00f3 una investigaci\u00f3n para determinar la veracidad de los hechos y deslindar responsabilidades. Mientras tanto, el candidato se pronunci\u00f3 en contra del uso de la violencia y las campa\u00f1as negras como m\u00e9todos de presi\u00f3n pol\u00edtica.<\/p>\n<p>\u201cCondeno todo acto de violencia e intimidaci\u00f3n, venga de donde venga. No permitir\u00e9 que la desinformaci\u00f3n da\u00f1e a Nanchital. Por el bien de mi familia y de mi pueblo, he decidido hacerme a un lado\u201d, declar\u00f3 Ventura en un video difundido tras su renuncia.<\/p>\n<p><strong>\u201cEl futuro de una figura p\u00fablica\u201d<\/strong><\/p>\n<p>Pese a su salida anticipada de la contienda, Elvis Ventura Ju\u00e1rez contin\u00faa siendo una figura de peso en el sur de Veracruz. Su historial como empresario comprometido con causas sociales y su cercan\u00eda con la ciudadan\u00eda lo colocan como un perfil con potencial para futuras participaciones p\u00fablicas.<\/p>\n<p>Analistas locales coinciden en que, m\u00e1s all\u00e1 del esc\u00e1ndalo, su renuncia fue tambi\u00e9n una forma de preservar la paz social y evitar una mayor polarizaci\u00f3n. Para muchos ciudadanos, la decisi\u00f3n mostr\u00f3 responsabilidad, aunque otros cuestionan el manejo de crisis del partido y la falta de respuesta m\u00e1s contundente ante los se\u00f1alamientos.<\/p>\n<p>Por ahora, Ventura vuelve a la vida privada, pero no necesariamente al anonimato. En una regi\u00f3n donde el descr\u00e9dito pol\u00edtico es com\u00fan, su imagen de \u201cciudadano activo\u201d podr\u00eda abrirle nuevamente las puertas del escenario p\u00fablico, si decide regresar.<\/p>\n<p><img loading=\"lazy\" decoding=\"async\" class=\"aligncenter size-medium wp-image-67408\" src=\"https:\/\/encuentroinformativo.com.mx\/wp-content\/uploads\/2025\/05\/IMG-20250520-WA0407-245x300.jpg\" alt=\"\" width=\"245\" height=\"300\" srcset=\"https:\/\/encuentroinformativo.com.mx\/wp-content\/uploads\/2025\/05\/IMG-20250520-WA0407-245x300.jpg 245w, https:\/\/encuentroinformativo.com.mx\/wp-content\/uploads\/2025\/05\/IMG-20250520-WA0407-837x1024.jpg 837w, https:\/\/encuentroinformativo.com.mx\/wp-content\/uploads\/2025\/05\/IMG-20250520-WA0407-768x939.jpg 768w, https:\/\/encuentroinformativo.com.mx\/wp-content\/uploads\/2025\/05\/IMG-20250520-WA0407.jpg 1080w\" sizes=\"auto, (max-width: 245px) 100vw, 245px\" \/><\/p>\n","protected":false},"excerpt":{"rendered":"<p>Jos\u00e9 Vargas Nanchital, Ver.- Elvis Ventura Ju\u00e1rez, empresario y pol\u00edtico local, se convirti\u00f3 en una de las figuras m\u00e1s comentadas en el panorama electoral de Nanchital durante el proceso de selecci\u00f3n de candidatos para la elecci\u00f3n municipal de 2025. Con una carrera forjada m\u00e1s en el trabajo comunitario que en los reflectores partidistas, Ventura se [&hellip;]<\/p>\n","protected":false},"author":2476,"featured_media":67408,"comment_status":"open","ping_status":"open","sticky":false,"template":"","format":"standard","meta":{"_jetpack_memberships_contains_paid_content":false,"footnotes":""},"categories":[2],"tags":[],"class_list":["post-67407","post","type-post","status-publish","format-standard","has-post-thumbnail","hentry","category-estado"],"jetpack_featured_media_url":"https:\/\/encuentroinformativo.com.mx\/wp-content\/uploads\/2025\/05\/IMG-20250520-WA0407.jpg","jetpack_sharing_enabled":true,"jetpack_likes_enabled":true,"amp_enabled":true,"_links":{"self":[{"href":"https:\/\/encuentroinformativo.com.mx\/index.php?rest_route=\/wp\/v2\/posts\/67407","targetHints":{"allow":["GET"]}}],"collection":[{"href":"https:\/\/encuentroinformativo.com.mx\/index.php?rest_route=\/wp\/v2\/posts"}],"about":[{"href":"https:\/\/encuentroinformativo.com.mx\/index.php?rest_route=\/wp\/v2\/types\/post"}],"author":[{"embeddable":true,"href":"https:\/\/encuentroinformativo.com.mx\/index.php?rest_route=\/wp\/v2\/users\/2476"}],"replies":[{"embeddable":true,"href":"https:\/\/encuentroinformativo.com.mx\/index.php?rest_route=%2Fwp%2Fv2%2Fcomments&post=67407"}],"version-history":[{"count":2,"href":"https:\/\/encuentroinformativo.com.mx\/index.php?rest_route=\/wp\/v2\/posts\/67407\/revisions"}],"predecessor-version":[{"id":67410,"href":"https:\/\/encuentroinformativo.com.mx\/index.php?rest_route=\/wp\/v2\/posts\/67407\/revisions\/67410"}],"wp:featuredmedia":[{"embeddable":true,"href":"https:\/\/encuentroinformativo.com.mx\/index.php?rest_route=\/wp\/v2\/media\/67408"}],"wp:attachment":[{"href":"https:\/\/encuentroinformativo.com.mx\/index.php?rest_route=%2Fwp%2Fv2%2Fmedia&parent=67407"}],"wp:term":[{"taxonomy":"category","embeddable":true,"href":"https:\/\/encuentroinformativo.com.mx\/index.php?rest_route=%2Fwp%2Fv2%2Fcategories&post=67407"},{"taxonomy":"post_tag","embeddable":true,"href":"https:\/\/encuentroinformativo.com.mx\/index.php?rest_route=%2Fwp%2Fv2%2Ftags&post=67407"}],"curies":[{"name":"wp","href":"https:\/\/api.w.org\/{rel}","templated":true}]}}