{"id":67411,"date":"2025-05-20T19:35:05","date_gmt":"2025-05-21T01:35:05","guid":{"rendered":"https:\/\/encuentroinformativo.com.mx\/?p=67411"},"modified":"2025-05-20T19:35:05","modified_gmt":"2025-05-21T01:35:05","slug":"con-aplausos-y-mariachi-dan-ultimo-adios-a-cadete-america-yamilet","status":"publish","type":"post","link":"https:\/\/encuentroinformativo.com.mx\/?p=67411","title":{"rendered":"Con aplausos y mariachi, dan \u00faltimo adi\u00f3s a cadete Am\u00e9rica Yamilet"},"content":{"rendered":"<p><strong>* En medio de aplausos se realiz\u00f3 la misa de cuerpo presente en la iglesia de San Pablo Ap\u00f3stol y posteriormente fue sepultada en Bosques del Recuerdo.<\/strong><\/p>\n<p><strong>Dar\u00edo Pale<\/strong><\/p>\n<p>Xalapa, Ver.- Con aplausos, est\u00e1 tarde de martes se realiz\u00f3 una misa de cuerpo presente para la cadete de la Secretar\u00eda de Marina, Am\u00e9rica Yamilet S\u00e1nchez, que perdi\u00f3 la vida el pasado fin de semana cuando el buque escuela &#8220;Cuauht\u00e9moc &#8220;, estrell\u00f3 sus velas en la estructura del puente Brooklyn de Nueva York.<\/p>\n<p>A la iglesia San Pablo Ap\u00f3stol de esta capital, arribaron familiares, amigos y conocidos que llegaron para expresar las condolencias a sus padres.<\/p>\n<p>Ah\u00ed se vivi\u00f3 un momento de tristeza por la forma en que perdi\u00f3 la vida la joven de 20 a\u00f1os que este pr\u00f3ximo 11 de junio cumplir\u00eda 21 a\u00f1os de edad.<\/p>\n<p>Al concluir la misa, familiares se trasladaron al pante\u00f3n Bosques del Recuerdo donde fue sepultada.<\/p>\n<p>Fue acompa\u00f1ada de familiares y amigos as\u00ed como de un mariachi para darle su \u00faltimo adi\u00f3s.<\/p>\n<p><img loading=\"lazy\" decoding=\"async\" class=\"aligncenter size-medium wp-image-67415\" src=\"https:\/\/encuentroinformativo.com.mx\/wp-content\/uploads\/2025\/05\/IMG-20250520-WA04182-300x135.jpg\" alt=\"\" width=\"300\" height=\"135\" srcset=\"https:\/\/encuentroinformativo.com.mx\/wp-content\/uploads\/2025\/05\/IMG-20250520-WA04182-300x135.jpg 300w, https:\/\/encuentroinformativo.com.mx\/wp-content\/uploads\/2025\/05\/IMG-20250520-WA04182-1024x461.jpg 1024w, https:\/\/encuentroinformativo.com.mx\/wp-content\/uploads\/2025\/05\/IMG-20250520-WA04182-768x346.jpg 768w, https:\/\/encuentroinformativo.com.mx\/wp-content\/uploads\/2025\/05\/IMG-20250520-WA04182-1536x691.jpg 1536w, https:\/\/encuentroinformativo.com.mx\/wp-content\/uploads\/2025\/05\/IMG-20250520-WA04182.jpg 1600w\" sizes=\"auto, (max-width: 300px) 100vw, 300px\" \/><\/p>\n<p><img loading=\"lazy\" decoding=\"async\" class=\"aligncenter size-medium wp-image-67413\" src=\"https:\/\/encuentroinformativo.com.mx\/wp-content\/uploads\/2025\/05\/IMG-20250520-WA04172-300x169.jpg\" alt=\"\" width=\"300\" height=\"169\" srcset=\"https:\/\/encuentroinformativo.com.mx\/wp-content\/uploads\/2025\/05\/IMG-20250520-WA04172-300x169.jpg 300w, https:\/\/encuentroinformativo.com.mx\/wp-content\/uploads\/2025\/05\/IMG-20250520-WA04172-1024x576.jpg 1024w, https:\/\/encuentroinformativo.com.mx\/wp-content\/uploads\/2025\/05\/IMG-20250520-WA04172-768x432.jpg 768w, https:\/\/encuentroinformativo.com.mx\/wp-content\/uploads\/2025\/05\/IMG-20250520-WA04172-1536x864.jpg 1536w, https:\/\/encuentroinformativo.com.mx\/wp-content\/uploads\/2025\/05\/IMG-20250520-WA04172.jpg 1600w\" sizes=\"auto, (max-width: 300px) 100vw, 300px\" \/><\/p>\n","protected":false},"excerpt":{"rendered":"<p>* En medio de aplausos se realiz\u00f3 la misa de cuerpo presente en la iglesia de San Pablo Ap\u00f3stol y posteriormente fue sepultada en Bosques del Recuerdo. Dar\u00edo Pale Xalapa, Ver.- Con aplausos, est\u00e1 tarde de martes se realiz\u00f3 una misa de cuerpo presente para la cadete de la Secretar\u00eda de Marina, Am\u00e9rica Yamilet S\u00e1nchez, [&hellip;]<\/p>\n","protected":false},"author":2476,"featured_media":67412,"comment_status":"open","ping_status":"open","sticky":false,"template":"","format":"standard","meta":{"_jetpack_memberships_contains_paid_content":false,"footnotes":""},"categories":[3],"tags":[],"class_list":["post-67411","post","type-post","status-publish","format-standard","has-post-thumbnail","hentry","category-xalapa"],"jetpack_featured_media_url":"https:\/\/encuentroinformativo.com.mx\/wp-content\/uploads\/2025\/05\/IMG-20250520-WA04202.jpg","jetpack_sharing_enabled":true,"jetpack_likes_enabled":true,"amp_enabled":true,"_links":{"self":[{"href":"https:\/\/encuentroinformativo.com.mx\/index.php?rest_route=\/wp\/v2\/posts\/67411","targetHints":{"allow":["GET"]}}],"collection":[{"href":"https:\/\/encuentroinformativo.com.mx\/index.php?rest_route=\/wp\/v2\/posts"}],"about":[{"href":"https:\/\/encuentroinformativo.com.mx\/index.php?rest_route=\/wp\/v2\/types\/post"}],"author":[{"embeddable":true,"href":"https:\/\/encuentroinformativo.com.mx\/index.php?rest_route=\/wp\/v2\/users\/2476"}],"replies":[{"embeddable":true,"href":"https:\/\/encuentroinformativo.com.mx\/index.php?rest_route=%2Fwp%2Fv2%2Fcomments&post=67411"}],"version-history":[{"count":1,"href":"https:\/\/encuentroinformativo.com.mx\/index.php?rest_route=\/wp\/v2\/posts\/67411\/revisions"}],"predecessor-version":[{"id":67416,"href":"https:\/\/encuentroinformativo.com.mx\/index.php?rest_route=\/wp\/v2\/posts\/67411\/revisions\/67416"}],"wp:featuredmedia":[{"embeddable":true,"href":"https:\/\/encuentroinformativo.com.mx\/index.php?rest_route=\/wp\/v2\/media\/67412"}],"wp:attachment":[{"href":"https:\/\/encuentroinformativo.com.mx\/index.php?rest_route=%2Fwp%2Fv2%2Fmedia&parent=67411"}],"wp:term":[{"taxonomy":"category","embeddable":true,"href":"https:\/\/encuentroinformativo.com.mx\/index.php?rest_route=%2Fwp%2Fv2%2Fcategories&post=67411"},{"taxonomy":"post_tag","embeddable":true,"href":"https:\/\/encuentroinformativo.com.mx\/index.php?rest_route=%2Fwp%2Fv2%2Ftags&post=67411"}],"curies":[{"name":"wp","href":"https:\/\/api.w.org\/{rel}","templated":true}]}}