{"id":67418,"date":"2025-05-20T20:38:23","date_gmt":"2025-05-21T02:38:23","guid":{"rendered":"https:\/\/encuentroinformativo.com.mx\/?p=67418"},"modified":"2025-05-20T20:41:59","modified_gmt":"2025-05-21T02:41:59","slug":"atentan-a-balazos-contra-candidata-de-mc-en-rodriguez-clara","status":"publish","type":"post","link":"https:\/\/encuentroinformativo.com.mx\/?p=67418","title":{"rendered":"Sufre atentado candidata de MC en Rodr\u00edguez Clara"},"content":{"rendered":"<p>Juan Rodr\u00edguez Clara, Ver.- La candidata de Movimiento Ciudadano (MC) a la alcald\u00eda de Juan Rodr\u00edguez Clara, X\u00f3chitl Tress, fue v\u00edctima de un atentado armado la tarde de este martes, cuando sujetos desconocidos dispararon contra su casa de campa\u00f1a. De manera preliminar se reportan personas heridas, aunque hasta el momento se desconoce el estado de salud de la aspirante.<\/p>\n<p>El ataque ocurre en un contexto de creciente tensi\u00f3n electoral en el municipio. De acuerdo con fuentes cercanas a la campa\u00f1a de Tress, desde hace d\u00edas se hab\u00eda detectado la presencia de personas sospechosas rondando sus actividades proselitistas. Escoltas de la candidata habr\u00edan presentado reportes ante la Secretar\u00eda de Seguridad P\u00fablica (SSP), los cuales \u2014seg\u00fan estas versiones\u2014 no fueron atendidos de forma oportuna.<\/p>\n<p>Asimismo, se se\u00f1ala que operadores pol\u00edticos vinculados al PRI, habr\u00edan sostenido reuniones para amedrentar a transportistas y comerciantes, a quienes les exigen no votar por Tress y respaldar al candidato priista, presuntamente con el respaldo del grupo pol\u00edtico de los hermanos Pi\u00f1a, originarios del vecino municipio de Jos\u00e9 Azueta.<\/p>\n<p>A estas presiones se habr\u00eda sumado tambi\u00e9n un presunto generador de violencia en la zona, quien estar\u00eda amenazando directamente a simpatizantes de MC, insistiendo en que \u201ctodo ser\u00e1 con N\u00e1jera o con el profe Irineo\u201d, en referencia a otros aspirantes afines a ese grupo regional.<\/p>\n<p>La situaci\u00f3n ha generado alarma entre la poblaci\u00f3n local y entre los equipos de campa\u00f1a. Movimiento Ciudadano no ha emitido un posicionamiento oficial hasta el momento, mientras se espera informaci\u00f3n actualizada sobre la salud de su candidata y los heridos.<\/p>\n<p>Autoridades estatales y electorales han sido exhortadas a garantizar condiciones de seguridad para todos los contendientes en este proceso electoral.<\/p>\n","protected":false},"excerpt":{"rendered":"<p>Juan Rodr\u00edguez Clara, Ver.- La candidata de Movimiento Ciudadano (MC) a la alcald\u00eda de Juan Rodr\u00edguez Clara, X\u00f3chitl Tress, fue v\u00edctima de un atentado armado la tarde de este martes, cuando sujetos desconocidos dispararon contra su casa de campa\u00f1a. De manera preliminar se reportan personas heridas, aunque hasta el momento se desconoce el estado de [&hellip;]<\/p>\n","protected":false},"author":2476,"featured_media":67419,"comment_status":"open","ping_status":"open","sticky":false,"template":"","format":"standard","meta":{"_jetpack_memberships_contains_paid_content":false,"footnotes":""},"categories":[2],"tags":[],"class_list":["post-67418","post","type-post","status-publish","format-standard","has-post-thumbnail","hentry","category-estado"],"jetpack_featured_media_url":"https:\/\/encuentroinformativo.com.mx\/wp-content\/uploads\/2025\/05\/IMG-20250520-WA0442.jpg","jetpack_sharing_enabled":true,"jetpack_likes_enabled":true,"amp_enabled":true,"_links":{"self":[{"href":"https:\/\/encuentroinformativo.com.mx\/index.php?rest_route=\/wp\/v2\/posts\/67418","targetHints":{"allow":["GET"]}}],"collection":[{"href":"https:\/\/encuentroinformativo.com.mx\/index.php?rest_route=\/wp\/v2\/posts"}],"about":[{"href":"https:\/\/encuentroinformativo.com.mx\/index.php?rest_route=\/wp\/v2\/types\/post"}],"author":[{"embeddable":true,"href":"https:\/\/encuentroinformativo.com.mx\/index.php?rest_route=\/wp\/v2\/users\/2476"}],"replies":[{"embeddable":true,"href":"https:\/\/encuentroinformativo.com.mx\/index.php?rest_route=%2Fwp%2Fv2%2Fcomments&post=67418"}],"version-history":[{"count":2,"href":"https:\/\/encuentroinformativo.com.mx\/index.php?rest_route=\/wp\/v2\/posts\/67418\/revisions"}],"predecessor-version":[{"id":67421,"href":"https:\/\/encuentroinformativo.com.mx\/index.php?rest_route=\/wp\/v2\/posts\/67418\/revisions\/67421"}],"wp:featuredmedia":[{"embeddable":true,"href":"https:\/\/encuentroinformativo.com.mx\/index.php?rest_route=\/wp\/v2\/media\/67419"}],"wp:attachment":[{"href":"https:\/\/encuentroinformativo.com.mx\/index.php?rest_route=%2Fwp%2Fv2%2Fmedia&parent=67418"}],"wp:term":[{"taxonomy":"category","embeddable":true,"href":"https:\/\/encuentroinformativo.com.mx\/index.php?rest_route=%2Fwp%2Fv2%2Fcategories&post=67418"},{"taxonomy":"post_tag","embeddable":true,"href":"https:\/\/encuentroinformativo.com.mx\/index.php?rest_route=%2Fwp%2Fv2%2Ftags&post=67418"}],"curies":[{"name":"wp","href":"https:\/\/api.w.org\/{rel}","templated":true}]}}