{"id":67425,"date":"2025-05-20T15:25:40","date_gmt":"2025-05-20T21:25:40","guid":{"rendered":"https:\/\/encuentroinformativo.com.mx\/?p=67425"},"modified":"2025-05-20T22:04:20","modified_gmt":"2025-05-21T04:04:20","slug":"yo-ciudadano-evalua-a-daniela-suarez-como-el-mejor-perfil-para-poder-judicial","status":"publish","type":"post","link":"https:\/\/encuentroinformativo.com.mx\/?p=67425","title":{"rendered":"&#8220;Yo Ciudadano&#8221; eval\u00faa a Daniela Su\u00e1rez como el mejor perfil para Poder Judicial"},"content":{"rendered":"<p><strong>Alejandro \u00c1vila<\/strong><\/p>\n<p>Veracruz, Ver.- La aspirante a Jueza de Distrito del Poder Judicial de Veracruz, Daniela del Carmen Su\u00e1rez de los Santos, obtuvo una calificaci\u00f3n destacada y se eligi\u00f3 como el mejor perfil, de acuerdo al an\u00e1lisis hecho por la organizaci\u00f3n civil &#8220;Yo Ciudadano&#8221;.<\/p>\n<p>Los criterios de evaluaci\u00f3n fueron, experiencia en la pr\u00e1ctica jur\u00eddica; eficiencia y gesti\u00f3n de casos; formaci\u00f3n acad\u00e9mica; compromiso con derechos humanos; integridad y \u00e9tica; y accesibilidad y sensibilidad social; donde obtuvo una puntuaci\u00f3n de 85 sobre 100.<\/p>\n<p>&#8220;La candidata muestra un perfil s\u00f3lido con formaci\u00f3n especializada en Derechos Humanos y experiencia relevante en \u00f3rganos jurisdiccionales federales. Su trayectoria combina pr\u00e1ctica judicial con producci\u00f3n acad\u00e9mica enfocada en grupos vulnerables. Demuestra compromiso con la accesibilidad a la justicia y perspectiva de Derechos Humanos, respaldada por publicaciones especializadas y experiencia en la Suprema Corte de Justicia de la Naci\u00f3n&#8221;, expone el an\u00e1lisis.<\/p>\n<p><img loading=\"lazy\" decoding=\"async\" class=\"aligncenter size-medium wp-image-67426\" src=\"https:\/\/encuentroinformativo.com.mx\/wp-content\/uploads\/2025\/05\/IMG-20250520-WA0302-161x300.jpg\" alt=\"\" width=\"161\" height=\"300\" srcset=\"https:\/\/encuentroinformativo.com.mx\/wp-content\/uploads\/2025\/05\/IMG-20250520-WA0302-161x300.jpg 161w, https:\/\/encuentroinformativo.com.mx\/wp-content\/uploads\/2025\/05\/IMG-20250520-WA0302-548x1024.jpg 548w, https:\/\/encuentroinformativo.com.mx\/wp-content\/uploads\/2025\/05\/IMG-20250520-WA0302-768x1434.jpg 768w, https:\/\/encuentroinformativo.com.mx\/wp-content\/uploads\/2025\/05\/IMG-20250520-WA0302-823x1536.jpg 823w, https:\/\/encuentroinformativo.com.mx\/wp-content\/uploads\/2025\/05\/IMG-20250520-WA0302.jpg 857w\" sizes=\"auto, (max-width: 161px) 100vw, 161px\" \/><\/p>\n","protected":false},"excerpt":{"rendered":"<p>Alejandro \u00c1vila Veracruz, Ver.- La aspirante a Jueza de Distrito del Poder Judicial de Veracruz, Daniela del Carmen Su\u00e1rez de los Santos, obtuvo una calificaci\u00f3n destacada y se eligi\u00f3 como el mejor perfil, de acuerdo al an\u00e1lisis hecho por la organizaci\u00f3n civil &#8220;Yo Ciudadano&#8221;. Los criterios de evaluaci\u00f3n fueron, experiencia en la pr\u00e1ctica jur\u00eddica; eficiencia [&hellip;]<\/p>\n","protected":false},"author":2476,"featured_media":67427,"comment_status":"open","ping_status":"open","sticky":false,"template":"","format":"standard","meta":{"_jetpack_memberships_contains_paid_content":false,"footnotes":""},"categories":[2],"tags":[],"class_list":["post-67425","post","type-post","status-publish","format-standard","has-post-thumbnail","hentry","category-estado"],"jetpack_featured_media_url":"https:\/\/encuentroinformativo.com.mx\/wp-content\/uploads\/2025\/05\/IMG-20250520-WA03022.jpg","jetpack_sharing_enabled":true,"jetpack_likes_enabled":true,"amp_enabled":true,"_links":{"self":[{"href":"https:\/\/encuentroinformativo.com.mx\/index.php?rest_route=\/wp\/v2\/posts\/67425","targetHints":{"allow":["GET"]}}],"collection":[{"href":"https:\/\/encuentroinformativo.com.mx\/index.php?rest_route=\/wp\/v2\/posts"}],"about":[{"href":"https:\/\/encuentroinformativo.com.mx\/index.php?rest_route=\/wp\/v2\/types\/post"}],"author":[{"embeddable":true,"href":"https:\/\/encuentroinformativo.com.mx\/index.php?rest_route=\/wp\/v2\/users\/2476"}],"replies":[{"embeddable":true,"href":"https:\/\/encuentroinformativo.com.mx\/index.php?rest_route=%2Fwp%2Fv2%2Fcomments&post=67425"}],"version-history":[{"count":1,"href":"https:\/\/encuentroinformativo.com.mx\/index.php?rest_route=\/wp\/v2\/posts\/67425\/revisions"}],"predecessor-version":[{"id":67428,"href":"https:\/\/encuentroinformativo.com.mx\/index.php?rest_route=\/wp\/v2\/posts\/67425\/revisions\/67428"}],"wp:featuredmedia":[{"embeddable":true,"href":"https:\/\/encuentroinformativo.com.mx\/index.php?rest_route=\/wp\/v2\/media\/67427"}],"wp:attachment":[{"href":"https:\/\/encuentroinformativo.com.mx\/index.php?rest_route=%2Fwp%2Fv2%2Fmedia&parent=67425"}],"wp:term":[{"taxonomy":"category","embeddable":true,"href":"https:\/\/encuentroinformativo.com.mx\/index.php?rest_route=%2Fwp%2Fv2%2Fcategories&post=67425"},{"taxonomy":"post_tag","embeddable":true,"href":"https:\/\/encuentroinformativo.com.mx\/index.php?rest_route=%2Fwp%2Fv2%2Ftags&post=67425"}],"curies":[{"name":"wp","href":"https:\/\/api.w.org\/{rel}","templated":true}]}}