{"id":67437,"date":"2025-05-21T10:48:50","date_gmt":"2025-05-21T16:48:50","guid":{"rendered":"https:\/\/encuentroinformativo.com.mx\/?p=67437"},"modified":"2025-05-21T10:48:50","modified_gmt":"2025-05-21T16:48:50","slug":"acusan-que-ivd-ignora-a-peloteritos-que-representaran-a-veracruz-en-tamaulipas","status":"publish","type":"post","link":"https:\/\/encuentroinformativo.com.mx\/?p=67437","title":{"rendered":"Acusan que IVD ignora a peloteritos que representar\u00e1n a Veracruz en Tamaulipas"},"content":{"rendered":"<p><strong>Alejandro \u00c1vila<\/strong><\/p>\n<p>Veracruz, Ver.- Una vez m\u00e1s el Instituto Veracruzano del Deporte (IVD) ha ignorado a un grupo de atletas que representar\u00e1 a Veracruz en el Torneo Latinoamericano de B\u00e9isbol que se realizar\u00e1 del 1 al 8 de junio en la ciudad de Matamoros en el estado de Tamaulipas.<\/p>\n<p>Trece peque\u00f1os de los municipios de Actopan, La Antigua, Puente Nacional, Emiliano Zapata, Ursulo Galv\u00e1n y Paso de Ovejas, todos integrantes del equipo Selectivo Cardel \u00danico, hicieron una solicitud en tiempo y forma para que el IVD les dotara de un autob\u00fas y pudieran llegar al torneo, sin embargo, no han recibido respuesta de la dependencia estatal, por lo cual solicitan el apoyo de la gobernadora, Roc\u00edo Nahle Garc\u00eda.<\/p>\n<p>El manager, Ignacio Jim\u00e9nez Garc\u00eda mencion\u00f3 que el primer paso lo dieron ganando la Liga Beto \u00c1vila en Boca del R\u00edo, posteriormente obtuvieron el triunfo del Selectivo Regional ganando la Liga Maya celebrada en la ciudad de Playa del Carmen, superando a novenas de Yucat\u00e1n, Campeche, Tabasco y Quintana Roo, todo de forma invicta.<\/p>\n<p>\u201cEs el \u00fanico equipo representante del estado de Veracruz que estar\u00e1 en la ciudad de Matamoros en el nacional del 1 al 8 de junio, ha sido proceso muy largo y competitivo. Es el sue\u00f1o de todos los chicos estar en el nacional y, si Dios quiere, representar\u00edan a M\u00e9xico en un Latinoamericano que ser\u00e1 en Guatemala, el sue\u00f1o de todo deportista es ponerse la playera de M\u00e9xico y representarlo\u201d subray\u00f3.<\/p>\n<p>El pitcher Neymar Alfallo ha sido uno de los peloteros m\u00e1s destacados de la novena veracruzana, pues con sus lanzamientos ha dominado a los bateadores rivales.<\/p>\n<p>\u201cDesde los 7 a\u00f1os adquiri\u00f3 el gusto de jugar y nosotros dec\u00edamos que vas a poder, no es f\u00e1cil, pero \u00e9l a\u00fan as\u00ed nos demostr\u00f3 que si sabe y quiere. Es un deporte que le apasiona, como padres es un orgullo para m\u00ed. A pesar de las carencias lo ha ido logrando, mi familia siempre nos ha apoyado y siempre hay una persona que pone un granito de arena\u201d, explica Alma Leon, madre del Neymar.<\/p>\n<p>Neymar es originario de la comunidad rural El Cuajilote, del municipio de Puente Nacional, donde todas las tardes despu\u00e9s de sus clases acude a entrenar solo o acompa\u00f1ado por sus padres a un campo deportivo humilde, sin importar el clima o carencias.<\/p>\n<p>El Selectivo Cardel \u00danico est\u00e1 conformado por:<\/p>\n<p>1.- Fernando Rosas<br \/>\n2.- Iker Grajales<br \/>\n3.- Jesus Emanuel Rodr\u00edguez<br \/>\n4.- Angel Yael Garc\u00eda<br \/>\n5.- Emilio Murrieta<br \/>\n6.- Abraham Beltr\u00e1n<br \/>\n7.- Neymar Alfallo<br \/>\n8.- Kevin Ruiz<br \/>\n9.- Aldo Fern\u00e1ndez<br \/>\n10.- Deryan Colorado<br \/>\n11.- \u00c1ngel Hern\u00e1ndez<br \/>\n12.- Abel Dominguez<br \/>\n13.- Cristian Cervantes<\/p>\n","protected":false},"excerpt":{"rendered":"<p>Alejandro \u00c1vila Veracruz, Ver.- Una vez m\u00e1s el Instituto Veracruzano del Deporte (IVD) ha ignorado a un grupo de atletas que representar\u00e1 a Veracruz en el Torneo Latinoamericano de B\u00e9isbol que se realizar\u00e1 del 1 al 8 de junio en la ciudad de Matamoros en el estado de Tamaulipas. Trece peque\u00f1os de los municipios de [&hellip;]<\/p>\n","protected":false},"author":2476,"featured_media":67438,"comment_status":"open","ping_status":"open","sticky":false,"template":"","format":"standard","meta":{"_jetpack_memberships_contains_paid_content":false,"footnotes":""},"categories":[2],"tags":[],"class_list":["post-67437","post","type-post","status-publish","format-standard","has-post-thumbnail","hentry","category-estado"],"jetpack_featured_media_url":"https:\/\/encuentroinformativo.com.mx\/wp-content\/uploads\/2025\/05\/IMG-20250521-WA00782.jpg","jetpack_sharing_enabled":true,"jetpack_likes_enabled":true,"amp_enabled":true,"_links":{"self":[{"href":"https:\/\/encuentroinformativo.com.mx\/index.php?rest_route=\/wp\/v2\/posts\/67437","targetHints":{"allow":["GET"]}}],"collection":[{"href":"https:\/\/encuentroinformativo.com.mx\/index.php?rest_route=\/wp\/v2\/posts"}],"about":[{"href":"https:\/\/encuentroinformativo.com.mx\/index.php?rest_route=\/wp\/v2\/types\/post"}],"author":[{"embeddable":true,"href":"https:\/\/encuentroinformativo.com.mx\/index.php?rest_route=\/wp\/v2\/users\/2476"}],"replies":[{"embeddable":true,"href":"https:\/\/encuentroinformativo.com.mx\/index.php?rest_route=%2Fwp%2Fv2%2Fcomments&post=67437"}],"version-history":[{"count":1,"href":"https:\/\/encuentroinformativo.com.mx\/index.php?rest_route=\/wp\/v2\/posts\/67437\/revisions"}],"predecessor-version":[{"id":67439,"href":"https:\/\/encuentroinformativo.com.mx\/index.php?rest_route=\/wp\/v2\/posts\/67437\/revisions\/67439"}],"wp:featuredmedia":[{"embeddable":true,"href":"https:\/\/encuentroinformativo.com.mx\/index.php?rest_route=\/wp\/v2\/media\/67438"}],"wp:attachment":[{"href":"https:\/\/encuentroinformativo.com.mx\/index.php?rest_route=%2Fwp%2Fv2%2Fmedia&parent=67437"}],"wp:term":[{"taxonomy":"category","embeddable":true,"href":"https:\/\/encuentroinformativo.com.mx\/index.php?rest_route=%2Fwp%2Fv2%2Fcategories&post=67437"},{"taxonomy":"post_tag","embeddable":true,"href":"https:\/\/encuentroinformativo.com.mx\/index.php?rest_route=%2Fwp%2Fv2%2Ftags&post=67437"}],"curies":[{"name":"wp","href":"https:\/\/api.w.org\/{rel}","templated":true}]}}