{"id":67440,"date":"2025-05-21T10:54:14","date_gmt":"2025-05-21T16:54:14","guid":{"rendered":"https:\/\/encuentroinformativo.com.mx\/?p=67440"},"modified":"2025-05-21T10:54:14","modified_gmt":"2025-05-21T16:54:14","slug":"atendera-gobierno-naranja-comunidades-olvidadas-de-tecolutla-monica-tejeda","status":"publish","type":"post","link":"https:\/\/encuentroinformativo.com.mx\/?p=67440","title":{"rendered":"Atender\u00e1 Gobierno Naranja comunidades olvidadas de Tecolutla: M\u00f3nica Tejeda"},"content":{"rendered":"<p><strong>* Escucha a vecinos de Fuerte de Anaya que desean pertenecer a San Rafael y se compromete a trabajar para que nunca se vayan.<\/strong><\/p>\n<p>Tecolutla, Ver.- &#8220;Las comunidades olvidadas de Tecolutla ser\u00e1n atendidas con prioridad en mi gobierno para que nunca se quieran anexar a otros municipios&#8221;, se comprometi\u00f3 la candidata de Movimiento Ciudadano (MC) M\u00f3nica Tejeda, quien dialog\u00f3 con vecinos de Fuerte de Anaya quienes, debido a las d\u00e9cadas de abandono oficial, desean pertenecer a San Rafael.<\/p>\n<p>La abanderada Naranja recorri\u00f3 la comunidad y dialog\u00f3 con los habitantes quienes se quejaron porque son muchos a\u00f1os de olvido y las necesidades no se han atendido.<\/p>\n<p>&#8220;Presidentes pasan, prometen y nunca regresan&#8221;, reproch\u00f3 uno de los vecinos, quien rememor\u00f3 que anta\u00f1o la poblaci\u00f3n se dirig\u00eda a Guti\u00e9rrez Zamora y Tecolutla, para realizar sus actividades econ\u00f3micas y sociales y tr\u00e1mites, pero ahora que tienen que pagar caseta y por el deterioro de los caminos, ya todo lo hacen en San Rafael, adem\u00e1s que las autoridades del vecino municipio les han brindado ayuda cuando lo han requerido.<\/p>\n<p>M\u00f3nica los escuch\u00f3 con atenci\u00f3n y se comprometi\u00f3 a dirigir un gobierno que tenga como prioridad a las comunidades m\u00e1s abandonadas actualmente y a realizar consultas ciudadanas para decidir las obras prioritarias.<\/p>\n<p>Posteriormente se dirigi\u00f3 a la comunidad vecina de 2 de octubre, donde tambi\u00e9n charl\u00f3 con los residentes e hizo compromisos para rehabilitar caminos saca cosechas, construir drenajes y redes de agua.<\/p>\n<p>En ambas localidades consider\u00f3 que se puede avanzar 1 kil\u00f3metro cada a\u00f1o en la pavimentaci\u00f3n con concreto hidr\u00e1ulico de los caminos principales hasta conectar con la carreteras principales.<\/p>\n<p><img loading=\"lazy\" decoding=\"async\" class=\"aligncenter size-medium wp-image-67442\" src=\"https:\/\/encuentroinformativo.com.mx\/wp-content\/uploads\/2025\/05\/IMG-20250521-WA0016-300x225.jpg\" alt=\"\" width=\"300\" height=\"225\" srcset=\"https:\/\/encuentroinformativo.com.mx\/wp-content\/uploads\/2025\/05\/IMG-20250521-WA0016-300x225.jpg 300w, https:\/\/encuentroinformativo.com.mx\/wp-content\/uploads\/2025\/05\/IMG-20250521-WA0016-1024x768.jpg 1024w, https:\/\/encuentroinformativo.com.mx\/wp-content\/uploads\/2025\/05\/IMG-20250521-WA0016-768x576.jpg 768w, https:\/\/encuentroinformativo.com.mx\/wp-content\/uploads\/2025\/05\/IMG-20250521-WA0016.jpg 1280w\" sizes=\"auto, (max-width: 300px) 100vw, 300px\" \/><\/p>\n","protected":false},"excerpt":{"rendered":"<p>* Escucha a vecinos de Fuerte de Anaya que desean pertenecer a San Rafael y se compromete a trabajar para que nunca se vayan. Tecolutla, Ver.- &#8220;Las comunidades olvidadas de Tecolutla ser\u00e1n atendidas con prioridad en mi gobierno para que nunca se quieran anexar a otros municipios&#8221;, se comprometi\u00f3 la candidata de Movimiento Ciudadano (MC) [&hellip;]<\/p>\n","protected":false},"author":2476,"featured_media":67441,"comment_status":"open","ping_status":"open","sticky":false,"template":"","format":"standard","meta":{"_jetpack_memberships_contains_paid_content":false,"footnotes":""},"categories":[2],"tags":[],"class_list":["post-67440","post","type-post","status-publish","format-standard","has-post-thumbnail","hentry","category-estado"],"jetpack_featured_media_url":"https:\/\/encuentroinformativo.com.mx\/wp-content\/uploads\/2025\/05\/IMG-20250521-WA0015.jpg","jetpack_sharing_enabled":true,"jetpack_likes_enabled":true,"amp_enabled":true,"_links":{"self":[{"href":"https:\/\/encuentroinformativo.com.mx\/index.php?rest_route=\/wp\/v2\/posts\/67440","targetHints":{"allow":["GET"]}}],"collection":[{"href":"https:\/\/encuentroinformativo.com.mx\/index.php?rest_route=\/wp\/v2\/posts"}],"about":[{"href":"https:\/\/encuentroinformativo.com.mx\/index.php?rest_route=\/wp\/v2\/types\/post"}],"author":[{"embeddable":true,"href":"https:\/\/encuentroinformativo.com.mx\/index.php?rest_route=\/wp\/v2\/users\/2476"}],"replies":[{"embeddable":true,"href":"https:\/\/encuentroinformativo.com.mx\/index.php?rest_route=%2Fwp%2Fv2%2Fcomments&post=67440"}],"version-history":[{"count":2,"href":"https:\/\/encuentroinformativo.com.mx\/index.php?rest_route=\/wp\/v2\/posts\/67440\/revisions"}],"predecessor-version":[{"id":67444,"href":"https:\/\/encuentroinformativo.com.mx\/index.php?rest_route=\/wp\/v2\/posts\/67440\/revisions\/67444"}],"wp:featuredmedia":[{"embeddable":true,"href":"https:\/\/encuentroinformativo.com.mx\/index.php?rest_route=\/wp\/v2\/media\/67441"}],"wp:attachment":[{"href":"https:\/\/encuentroinformativo.com.mx\/index.php?rest_route=%2Fwp%2Fv2%2Fmedia&parent=67440"}],"wp:term":[{"taxonomy":"category","embeddable":true,"href":"https:\/\/encuentroinformativo.com.mx\/index.php?rest_route=%2Fwp%2Fv2%2Fcategories&post=67440"},{"taxonomy":"post_tag","embeddable":true,"href":"https:\/\/encuentroinformativo.com.mx\/index.php?rest_route=%2Fwp%2Fv2%2Ftags&post=67440"}],"curies":[{"name":"wp","href":"https:\/\/api.w.org\/{rel}","templated":true}]}}