{"id":67445,"date":"2025-05-21T11:12:12","date_gmt":"2025-05-21T17:12:12","guid":{"rendered":"https:\/\/encuentroinformativo.com.mx\/?p=67445"},"modified":"2025-05-21T11:12:12","modified_gmt":"2025-05-21T17:12:12","slug":"no-trabajare-con-delincuentes-rocio-nahle","status":"publish","type":"post","link":"https:\/\/encuentroinformativo.com.mx\/?p=67445","title":{"rendered":"No trabajar\u00e9 con delincuentes: Roc\u00edo Nahle"},"content":{"rendered":"<p><strong>Dar\u00edo Pale<\/strong><\/p>\n<p>Xalapa, Ver.- La gobernadora Norma Roc\u00edo Nahle Garc\u00eda lament\u00f3 la muerte de Avisack Douglas Coronado quien trabajaba en la campa\u00f1a de X\u00f3chilt Tress, adem\u00e1s de que dijo que no va a trabajar con ning\u00fan delincuente.<\/p>\n<p>En entrevista para una estaci\u00f3n radiof\u00f3nica se\u00f1al\u00f3 que, en lo que se refiere al tema del municipio de Juan Rodr\u00edguez Clara dijo que tanto el secretario de Seguridad P\u00fablica y ella ten\u00edan una reuni\u00f3n con la presidenta y el equipo de seguridad federal.<\/p>\n<p>Pero desde muy temprano, desde la madrugada, en todo Palacio Nacional, tuvo una manifestaci\u00f3n, por lo que cercaron, no hubo acceso, tan es as\u00ed que la presidenta llev\u00f3 a cabo la ma\u00f1anera a trav\u00e9s de redes sociales, por lo que no pudieron entrar pero tiene una reuni\u00f3n con el secretario Omar Garc\u00eda Harfuch.<\/p>\n<p>Lo anterior es precisamente para ver el tema de seguridad en el estado previo a las elecciones y lament\u00f3 los hechos de violencia pol\u00edtica que se han registrado por intereses de locales para generar poder sin mencionar partidos pol\u00edticos.<\/p>\n<p>\u201cMiren, hasta el d\u00eda de hoy, la Secretar\u00eda de Seguridad, con la Guardia Nacional, con Marina, con Defensa, ha hecho algo que nunca se hab\u00eda hecho en plan, se han cubierto 1,086 eventos pol\u00edticos donde ha tenido presencia la Secretar\u00eda de Seguridad, el cuerpo de seguridad de todos los partidos pol\u00edticos, m\u00edtines donde va un candidato y a distancia se tiene vigilancia, se ha reforzado much\u00edsimo, tan solo ayer, el d\u00eda de ayer, se cubrieron 104 eventos pol\u00edticos\u201d, se\u00f1al\u00f3.<\/p>\n<p>\u201cHemos tenido solicitudes por parte del OPLE hasta el d\u00eda de ayer 123 solicitudes para vigilancia o seguridad, nueve declinaron, que ya cuando lleg\u00f3 la seguridad dijeron que ya no los quer\u00edan, pero son 123, todo eso hemos estado haciendo para garantizar las elecciones libres, tranquilas y democr\u00e1ticas\u201d, agreg\u00f3.<\/p>\n<p>Coment\u00f3 que han utilizado hasta este momento tan solo en 57 municipios que tienen identificados como nivel 3, o sea que est\u00e1n muy encendidos los \u00e1nimos, hay personal de Marina, de Defensa, de Guardia Nacional, de Polic\u00eda del Estado y Polic\u00eda Municipal, 5 mil 595 elementos, y tienen 737 veh\u00edculos, tan solo en esos municipios.<\/p>\n<p>Dijo que nunca antes en la historia de Veracruz, se hab\u00eda tenido un despliegue de seguridad como este que tenemos ahora, hasta ayer nada m\u00e1s les faltaban 10 municipios por cubrir, con patrulla o con personal de seguridad, la federaci\u00f3n le garantizo que les van a mandar m\u00e1s elementos que les faltan para esos municipios.<\/p>\n<p>\u201cEsto es para decirles a los veracruzanos, nosotros, yo, Roc\u00edo Nale, su gobernadora, estoy tomando cartas en el asunto para un despliegue de seguridad, por eso las elecciones se van a llevar a cabo en forma limpia, democr\u00e1tica, segura, habr\u00e1 quien le apueste a la violencia, pero nosotros somos m\u00e1s, y lo he estado diciendo, los que hemos avanzado en Veracruz para que nuestro pueblo decida qui\u00e9n lo gobierna\u201d, coment\u00f3.<\/p>\n<p>Inform\u00f3 que anoche, la candidata de Movimiento Ciudadano, Xochitl Tress, de Rodr\u00edguez Clara, de las 123 solicitudes del OPLE para seguridad, ella fue una de las primeras que pidi\u00f3 seguridad, se le dio y ayer en la noche afuera de su casa de campa\u00f1a, hubo un atentado y la seguridad que tiene, pues atendi\u00f3 o repeli\u00f3 la agresi\u00f3n lamentablemente, personal, que estaba ah\u00ed una fot\u00f3grafa y otra persona resultaron heridos.<\/p>\n<p>\u201cLamento profundamente el fallecimiento de la fot\u00f3grafa o de la que le cubr\u00eda la prensa a la candidata en este suceso tan lamentable, \u00bfQu\u00e9 decimos? Bueno, nosotros tenemos que seguir reforzando, imag\u00ednense nada m\u00e1s que nosotros permitamos que aquellos grupos o personas que quieren apostar a la violencia gobiernen un municipio, pues \u00bfen qu\u00e9 nos vamos a convertir?, de ninguna manera, quienes aspiren a ser gobernantes, quienes vayan a ser los gobernantes de los municipios, deben de ser personas con don de servicio y con una trayectoria intachable para dar cara a la sociedad\u201d, dijo en entrevista.<\/p>\n<p>Personajes del partido que sean tienen antecedentes penales no pueden ser candidatos y muchos se anotaron en diferentes partidos, que le espera al municipio \u00bfO qu\u00e9 le espera a una regi\u00f3n cuando una persona a trav\u00e9s de la violencia quiere acceder al poder?.<\/p>\n<p>\u201cNosotros no trabajamos con delincuentes, con ninguno, con ning\u00fan delincuente, y por eso el gobierno tiene este despliegue, porque no queremos que ninguna persona con antecedentes delincuenciales llegue a gobernar un municipio, no puede ser, y ahora intentando con el uso de la fuerza, pues no si el caso es una mujer que est\u00e1 buscando una candidatura, est\u00e1 bien, ella desde un principio solicit\u00f3, se le dio seguridad y lo estamos atendiendo a nivel federal, a nivel municipal y a nivel estatal\u201d, acot\u00f3.<\/p>\n<p>Dio a conocer que el secretario de gobierno Ricardo Ahued Bardahuil le pidi\u00f3 que llamara a todos los dirigentes de los partidos para hacer un exhorto, de que estas campa\u00f1as y de que esta elecci\u00f3n transitar\u00e1 en forma democr\u00e1tica, que revisaran de todos los partidos, que todos revisaran a sus aspirantes y que ante todo, pues deber\u00eda de haber una \u00e9tica, deber\u00edan de ser personas honorables, ya que quien aspira a gobernar su pueblo, pues debe tener una honorabilidad, no es a trav\u00e9s de la violencia, ya hablaron con todos y no pueden limitar a nadie.<\/p>\n<p>\u201cPero s\u00ed podemos, en su momento, hacer las investigaciones, como es el caso de ayer, de Nanchital, en el caso de Nanchital, donde hay un video salvaje, porque esa es la palabra,<br \/>\ndonde involucran al que entonces era candidato porque ayer renunci\u00f3, por supuesto, dije, a ver, se tiene que abrir la carpeta y la investigaci\u00f3n como noticia criminal, donde ya est\u00e1n involucrados, donde est\u00e1n involucrados y est\u00e1n se\u00f1alados, y as\u00ed estamos revisando todos los temas\u201d.<\/p>\n<p>Inform\u00f3 que lo que va del primero de febrero hasta el 20 de mayo se han abierto 226 carpetas de investigaci\u00f3n de homicidios dolosos, desde el narcomenudeo, desde asesinatos, ri\u00f1as por armas blancas, lo que sea, de estos 226 se han detenido en estas carpetas a 90 y se han sentenciado a 53.<\/p>\n<p>Finalmente inform\u00f3 que, \u201cde violencia intrafamiliar, tenemos el 15 por ciento amenaza, tenemos el 9 por ciento, da\u00f1o a propiedad, lesiones dolosas, robos a negocios, robos a veh\u00edculos, fraude, narcomenudeo, robos a casa habitaci\u00f3n, otros delitos, homicidios dolosos, homicidios dolosos, 1.03 por ciento de violencia, eso es lo que tenemos en Veracruz, o sea, realmente, cuando uno analiza cu\u00e1l es el entorno que se da en el Estado, \u00bfd\u00f3nde tenemos los puntos?, ahorita, pues por supuesto, el mes de mayo, todo mundo est\u00e1 con, bueno, no todo mundo, pero mucha gente est\u00e1 con el tema, pues, electoral y yo soy la encargada de revisar que en todos los municipios se den las elecciones tranquilas\u201d.<\/p>\n","protected":false},"excerpt":{"rendered":"<p>Dar\u00edo Pale Xalapa, Ver.- La gobernadora Norma Roc\u00edo Nahle Garc\u00eda lament\u00f3 la muerte de Avisack Douglas Coronado quien trabajaba en la campa\u00f1a de X\u00f3chilt Tress, adem\u00e1s de que dijo que no va a trabajar con ning\u00fan delincuente. En entrevista para una estaci\u00f3n radiof\u00f3nica se\u00f1al\u00f3 que, en lo que se refiere al tema del municipio de [&hellip;]<\/p>\n","protected":false},"author":2476,"featured_media":67446,"comment_status":"open","ping_status":"open","sticky":false,"template":"","format":"standard","meta":{"_jetpack_memberships_contains_paid_content":false,"footnotes":""},"categories":[2],"tags":[],"class_list":["post-67445","post","type-post","status-publish","format-standard","has-post-thumbnail","hentry","category-estado"],"jetpack_featured_media_url":"https:\/\/encuentroinformativo.com.mx\/wp-content\/uploads\/2025\/05\/IMG-20250521-WA0084-scaled.jpg","jetpack_sharing_enabled":true,"jetpack_likes_enabled":true,"amp_enabled":true,"_links":{"self":[{"href":"https:\/\/encuentroinformativo.com.mx\/index.php?rest_route=\/wp\/v2\/posts\/67445","targetHints":{"allow":["GET"]}}],"collection":[{"href":"https:\/\/encuentroinformativo.com.mx\/index.php?rest_route=\/wp\/v2\/posts"}],"about":[{"href":"https:\/\/encuentroinformativo.com.mx\/index.php?rest_route=\/wp\/v2\/types\/post"}],"author":[{"embeddable":true,"href":"https:\/\/encuentroinformativo.com.mx\/index.php?rest_route=\/wp\/v2\/users\/2476"}],"replies":[{"embeddable":true,"href":"https:\/\/encuentroinformativo.com.mx\/index.php?rest_route=%2Fwp%2Fv2%2Fcomments&post=67445"}],"version-history":[{"count":2,"href":"https:\/\/encuentroinformativo.com.mx\/index.php?rest_route=\/wp\/v2\/posts\/67445\/revisions"}],"predecessor-version":[{"id":67448,"href":"https:\/\/encuentroinformativo.com.mx\/index.php?rest_route=\/wp\/v2\/posts\/67445\/revisions\/67448"}],"wp:featuredmedia":[{"embeddable":true,"href":"https:\/\/encuentroinformativo.com.mx\/index.php?rest_route=\/wp\/v2\/media\/67446"}],"wp:attachment":[{"href":"https:\/\/encuentroinformativo.com.mx\/index.php?rest_route=%2Fwp%2Fv2%2Fmedia&parent=67445"}],"wp:term":[{"taxonomy":"category","embeddable":true,"href":"https:\/\/encuentroinformativo.com.mx\/index.php?rest_route=%2Fwp%2Fv2%2Fcategories&post=67445"},{"taxonomy":"post_tag","embeddable":true,"href":"https:\/\/encuentroinformativo.com.mx\/index.php?rest_route=%2Fwp%2Fv2%2Ftags&post=67445"}],"curies":[{"name":"wp","href":"https:\/\/api.w.org\/{rel}","templated":true}]}}