{"id":6745,"date":"2020-10-09T16:34:43","date_gmt":"2020-10-09T21:34:43","guid":{"rendered":"https:\/\/encuentroinformativo.com.mx\/?p=6745"},"modified":"2020-10-09T16:34:46","modified_gmt":"2020-10-09T21:34:46","slug":"legalizar-la-migracion-para-evitar-su-negociacion-cuitlahuac-garcia","status":"publish","type":"post","link":"https:\/\/encuentroinformativo.com.mx\/?p=6745","title":{"rendered":"Legalizar la migraci\u00f3n para evitar su negociaci\u00f3n: Cuitl\u00e1huac Garc\u00eda"},"content":{"rendered":"\n<p><strong>Alejandro \u00c1vila<\/strong><\/p>\n\n\n\n<p>Veracruz, Ver.- Una de las problematicas m\u00e1s grandes que existen entre M\u00e9xico y Estados Unidos es la migraci\u00f3n, misma que ahora est\u00e1 siendo ocupada por la delincuencia organizada para hacer negocio de ella.<\/p>\n\n\n\n<p>Durante la visita del embajador Christopher Landau a Veracruz, se toc\u00f3 ese tema, dijo el gobernador Cuitl\u00e1huac Garc\u00eda Jim\u00e9nez en entrevista al salir de la reuni\u00f3n, en conocido hotel de Veracruz Puerto.<\/p>\n\n\n\n<p>En ese sentido, el Ejecutivo Estatal, dijo que una de las opciones, ser\u00eda&nbsp;legalizar la migraci\u00f3n, para de esta manera, evitar que la&nbsp;delincuencia organizada abuse y comercie con ella.<\/p>\n\n\n\n<p>&#8220;La migraci\u00f3n se combina, en Veracruz, con la delincuencia organizada, han tomado el tr\u00e1fico de migrantes como un negocio, les interesa extorsionarlos (\u2026) tenemos que regularlo, que la migraci\u00f3n sea legal, &#8220;, expres\u00f3.<\/p>\n\n\n\n<p>En dicha reuni\u00f3n, estuvieron presentes el secretario de Gobierno, Eric Patrocinio Cisneros Burgos; el secretario de Seguridad P\u00fablica, Hugo Guti\u00e9rrez Maldonado; y la Fiscal General del Estado, Veronica Hern\u00e1ndez Giadans.<\/p>\n\n\n\n<p>En conjunto, tambi\u00e9n planearon estrategias para aumentar el turismo norteamericano a Veracruz, una vez que la pandemia por COVID-19 de la oportunidad de abrir zonas turisticas.<\/p>\n\n\n\n<p>&#8220;Estuvimos platicando sobre el desarrollo tur\u00edstico, ayer iniciamos con la promoci\u00f3n de nuestra cultura de todo el estado en la zona sur de Estados Unidos para atraer turistas cuando el mometo de la pandemia sea otro&#8221;, culmin\u00f3.<\/p>\n","protected":false},"excerpt":{"rendered":"<p>Alejandro \u00c1vila Veracruz, Ver.- Una de las problematicas m\u00e1s grandes que existen entre M\u00e9xico y Estados Unidos es la migraci\u00f3n, misma que ahora est\u00e1 siendo ocupada por la delincuencia organizada para hacer negocio de ella. Durante la visita del embajador Christopher Landau a Veracruz, se toc\u00f3 ese tema, dijo el gobernador Cuitl\u00e1huac Garc\u00eda Jim\u00e9nez en [&hellip;]<\/p>\n","protected":false},"author":1,"featured_media":6746,"comment_status":"open","ping_status":"open","sticky":false,"template":"","format":"standard","meta":{"_jetpack_memberships_contains_paid_content":false,"footnotes":""},"categories":[2],"tags":[],"class_list":["post-6745","post","type-post","status-publish","format-standard","has-post-thumbnail","hentry","category-estado"],"jetpack_featured_media_url":"https:\/\/encuentroinformativo.com.mx\/wp-content\/uploads\/2020\/10\/FD9D360A-8FA4-42AA-A6F8-0C1AB2DBF905.jpeg","jetpack_sharing_enabled":true,"jetpack_likes_enabled":true,"amp_enabled":true,"_links":{"self":[{"href":"https:\/\/encuentroinformativo.com.mx\/index.php?rest_route=\/wp\/v2\/posts\/6745","targetHints":{"allow":["GET"]}}],"collection":[{"href":"https:\/\/encuentroinformativo.com.mx\/index.php?rest_route=\/wp\/v2\/posts"}],"about":[{"href":"https:\/\/encuentroinformativo.com.mx\/index.php?rest_route=\/wp\/v2\/types\/post"}],"author":[{"embeddable":true,"href":"https:\/\/encuentroinformativo.com.mx\/index.php?rest_route=\/wp\/v2\/users\/1"}],"replies":[{"embeddable":true,"href":"https:\/\/encuentroinformativo.com.mx\/index.php?rest_route=%2Fwp%2Fv2%2Fcomments&post=6745"}],"version-history":[{"count":1,"href":"https:\/\/encuentroinformativo.com.mx\/index.php?rest_route=\/wp\/v2\/posts\/6745\/revisions"}],"predecessor-version":[{"id":6747,"href":"https:\/\/encuentroinformativo.com.mx\/index.php?rest_route=\/wp\/v2\/posts\/6745\/revisions\/6747"}],"wp:featuredmedia":[{"embeddable":true,"href":"https:\/\/encuentroinformativo.com.mx\/index.php?rest_route=\/wp\/v2\/media\/6746"}],"wp:attachment":[{"href":"https:\/\/encuentroinformativo.com.mx\/index.php?rest_route=%2Fwp%2Fv2%2Fmedia&parent=6745"}],"wp:term":[{"taxonomy":"category","embeddable":true,"href":"https:\/\/encuentroinformativo.com.mx\/index.php?rest_route=%2Fwp%2Fv2%2Fcategories&post=6745"},{"taxonomy":"post_tag","embeddable":true,"href":"https:\/\/encuentroinformativo.com.mx\/index.php?rest_route=%2Fwp%2Fv2%2Ftags&post=6745"}],"curies":[{"name":"wp","href":"https:\/\/api.w.org\/{rel}","templated":true}]}}