{"id":67467,"date":"2025-05-21T17:00:22","date_gmt":"2025-05-21T23:00:22","guid":{"rendered":"https:\/\/encuentroinformativo.com.mx\/?p=67467"},"modified":"2025-05-21T17:00:22","modified_gmt":"2025-05-21T23:00:22","slug":"buscara-procuraduria-agraria-rescate-de-ejidos-y-comunidades","status":"publish","type":"post","link":"https:\/\/encuentroinformativo.com.mx\/?p=67467","title":{"rendered":"Buscar\u00e1 Procuradur\u00eda Agraria rescate de ejidos y comunidades"},"content":{"rendered":"<p><strong>Dar\u00edo Pale<\/strong><\/p>\n<p>Xalapa, Ver.- Ante el despojo o compra irrisoria de tierras a campesinos por parte de grandes empresas extranjeras, el procurador Agrario nacional, V\u00edctor Su\u00e1rez Carrera indic\u00f3 que tiene la instrucci\u00f3n de la presidenta Claudia Sheinbaum Pardo de frenar todo proceso de despojo y de privatizaci\u00f3n de ejidos y comunidades en todo el pa\u00eds.<\/p>\n<p>En entrevista, indic\u00f3: &#8220;Ustedes deben de recordar que desde 1992 con la contrarreforma, el art\u00edculo 27 constitucional que impuls\u00f3 Carlos Salinas de Gortari, se estableci\u00f3 en M\u00e9xico una pol\u00edtica de privatizaci\u00f3n y despojo de ejidos y comunidades esta fue una decisi\u00f3n que ha prevalecido hasta el d\u00eda de hoy&#8221;.<\/p>\n<p>Asimismo, dijo que quieren desaparecer el ejido y la comunidad, &#8220;quieren despojar y volver a concentrar la tierra, los bosques, las aguas en pocas manos como en el porfiriato. Estamos hablando de un neolatifundismo, neoporfirismo&#8221;.<\/p>\n<p>Por ello, coment\u00f3 que la instrucci\u00f3n que tiene de la presidenta es de transformar a la Procuradur\u00eda Agraria en un instrumento de rescate, defensa y revalorizaci\u00f3n de los ejidos y comunidades del pa\u00eds para frenar la privatizaci\u00f3n del despojo y para impulsar de nueva cuenta un proceso de desarrollo al interior de los ejidos y comunidades y valorizar sus patrimonios.<\/p>\n<p>&#8220;En Veracruz tenemos la mayor cantidad de ejidos y comunidades del pa\u00eds, m\u00e1s de 3 mil 750 tejidos y comunidades, m\u00e1s de la mitad del territorio de Veracruz est\u00e1 en sus manos. Casi 450 mil hect\u00e1reas y comunidades tienen una gran riqueza en sus manos&#8221;, coment\u00f3.<\/p>\n<p>El funcionario federal advirti\u00f3 que esa riqueza se la quieren despojar privados para hacer especulaci\u00f3n inmobiliaria, para hacer fraccionamientos, para hacer proyectos tur\u00edsticos, para hacer proyectos mineros, para hacer proyectos forestales privados para acaparar el agua, despojar a la gente.<\/p>\n<p>&#8220;En realidad, en estos 30 a\u00f1os se han construido verdaderas mafias agrarias. Hay mafias agrarias que han estado conform\u00e1ndose con participaci\u00f3n de funcionarios del sector agrario, con participaci\u00f3n de tribunales agrarios de fedatarios, de titulares de las entidades que dan fe de los hechos y nosotros con empresarios estamos frenando todo eso&#8221;, explic\u00f3.<\/p>\n<p>\u00bfC\u00f3mo vamos a hacer para eso?, cuestion\u00f3 y respondi\u00f3 que tienen un nuevo reglamento interior de la Procuradur\u00eda Agraria que fue publicado en el Diario Oficial de la Federaci\u00f3n el pasado 2 de abril.<\/p>\n<p>&#8220;Eso nos da un nuevo mandato para poner en el centro la defensa y la revalorizaci\u00f3n de bienes y comunidades y para transformar a nuestros anteriores visitadores agrarios en organizadores agrarios. Nos vamos a ir m\u00e1s hacia dentro del ejido para organizar a los ejidos que tambi\u00e9n se han desdibujado, su cohesi\u00f3n social, sus asambleas, se han fracturado, se han individualizado demasiado, muchos comisarios ejidales se han vuelto caciques&#8221;.<\/p>\n<p>Entonces, explic\u00f3 que su trabajo va a ser reorganizar los ejidos y comunidades. &#8220;Para eso, entonces, vamos a tener organizadores agrarios. Y algo muy relevante, vamos a transformar a la Procuradur\u00eda Agraria de una instituci\u00f3n de oficina a una instituci\u00f3n de territorio. Nos vamos a desdoblar aqu\u00ed, por ejemplo, en Veracruz en establecer 91 centros de atenci\u00f3n agraria. Hoy tenemos 11 o 14, 11 residencias&#8221;.<\/p>\n<p>Entonces, reiter\u00f3 que se van a desdoblar a 91 centros de atenci\u00f3n para estar m\u00e1s cerca del territorio. &#8220;Al ser Veracruz uno de los estados con m\u00e1s ejidos, tambi\u00e9n es el que tiene m\u00e1s amenazas precisamente de despojo.<\/p>\n<p>&#8220;Vamos a instalar gradualmente en las siguientes semanas estos centros de atenci\u00f3n agraria y vamos a tratar de construir una nueva relaci\u00f3n. Tenemos que recuperar la credibilidad de la instituci\u00f3n y una de las partes es estar m\u00e1s cerca del territorio. Hoy la gente tiene que venir, por ejemplo, de la sierra de Zongolica, aqu\u00ed a Xalapa para su atenci\u00f3n. Ahora vamos a tener centros de atenci\u00f3n en las sierras, en los lugares, no m\u00e1s de 2 horas de camino. Entonces, eso nos va a permitir frenar los procesos de despojo&#8221;, detall\u00f3.<\/p>\n<p>Los procesos de despojo aqu\u00ed en Veracruz, explic\u00f3 el procurador, est\u00e1n m\u00e1s asociados a las \u00e1reas metropolitanas urbanas para la construcci\u00f3n de fraccionamientos de alta gama en las playas, en los centros tur\u00edsticos para el desarrollo de mega proyectos tur\u00edsticos hoteleros y tambi\u00e9n en algunas regiones hay proyectos mineros, extractivistas, &#8220;depredadores que tambi\u00e9n estamos atendiendo para frenar esas formas de explotaci\u00f3n que lesionan a los ciudadanos, pero tambi\u00e9n al medio ambiente y a la salud de la poblaci\u00f3n&#8221;.<\/p>\n<p>&#8211; Procurador, \u00bfc\u00f3mo van a hacerlo? \u00bfCu\u00e1les son las nuevas facultades que tienen ahora con este nuevo reglamento y con este nuevo reglamento que entr\u00f3 en vigor?<\/p>\n<p>&#8211; Primer punto, vamos a recuperar el papel de defensores de los derechos agrarios colectivos e individuales. Es la funci\u00f3n constitucional que tiene la Procuradur\u00eda Agraria. Para eso, entonces, vamos a transformar los visitadores que se hab\u00edan alejado de las comunidades a organizadores para estar muy cercano a los territorios.<\/p>\n<p>&#8220;Dos, vamos a fortalecer al nuevo sistema jur\u00eddico agrario. Nosotros tenemos en todo el pa\u00eds alrededor de 250 abogados agrarios, los vamos a a capacitar y vamos a fortalecer sus capacidades de defensa de grupos y comunidades&#8221;.<\/p>\n<p>La otra acci\u00f3n, se\u00f1al\u00f3, es que est\u00e1n en un proceso de simplificaci\u00f3n de digitalizaci\u00f3n de tr\u00e1mites y servicios, &#8220;porque deben de saber que a lo largo de estos 32 a\u00f1os y tal vez m\u00e1s se gener\u00f3 un sistema muy burocratizado para atender las demandas de certificaci\u00f3n de derechos, de sucesi\u00f3n de derechos, de establecimiento, actualizaci\u00f3n de padrones, \u00f3rganos de representaci\u00f3n y vigilancia, muchos tr\u00e1mites significaban mucho tiempo y mucha burocracia y tambi\u00e9n daban espacio a la corrupci\u00f3n&#8221;.<\/p>\n","protected":false},"excerpt":{"rendered":"<p>Dar\u00edo Pale Xalapa, Ver.- Ante el despojo o compra irrisoria de tierras a campesinos por parte de grandes empresas extranjeras, el procurador Agrario nacional, V\u00edctor Su\u00e1rez Carrera indic\u00f3 que tiene la instrucci\u00f3n de la presidenta Claudia Sheinbaum Pardo de frenar todo proceso de despojo y de privatizaci\u00f3n de ejidos y comunidades en todo el pa\u00eds. [&hellip;]<\/p>\n","protected":false},"author":2476,"featured_media":67468,"comment_status":"open","ping_status":"open","sticky":false,"template":"","format":"standard","meta":{"_jetpack_memberships_contains_paid_content":false,"footnotes":""},"categories":[12],"tags":[],"class_list":["post-67467","post","type-post","status-publish","format-standard","has-post-thumbnail","hentry","category-nacional"],"jetpack_featured_media_url":"https:\/\/encuentroinformativo.com.mx\/wp-content\/uploads\/2025\/05\/IMG-20250521-WA01652.jpg","jetpack_sharing_enabled":true,"jetpack_likes_enabled":true,"amp_enabled":true,"_links":{"self":[{"href":"https:\/\/encuentroinformativo.com.mx\/index.php?rest_route=\/wp\/v2\/posts\/67467","targetHints":{"allow":["GET"]}}],"collection":[{"href":"https:\/\/encuentroinformativo.com.mx\/index.php?rest_route=\/wp\/v2\/posts"}],"about":[{"href":"https:\/\/encuentroinformativo.com.mx\/index.php?rest_route=\/wp\/v2\/types\/post"}],"author":[{"embeddable":true,"href":"https:\/\/encuentroinformativo.com.mx\/index.php?rest_route=\/wp\/v2\/users\/2476"}],"replies":[{"embeddable":true,"href":"https:\/\/encuentroinformativo.com.mx\/index.php?rest_route=%2Fwp%2Fv2%2Fcomments&post=67467"}],"version-history":[{"count":1,"href":"https:\/\/encuentroinformativo.com.mx\/index.php?rest_route=\/wp\/v2\/posts\/67467\/revisions"}],"predecessor-version":[{"id":67469,"href":"https:\/\/encuentroinformativo.com.mx\/index.php?rest_route=\/wp\/v2\/posts\/67467\/revisions\/67469"}],"wp:featuredmedia":[{"embeddable":true,"href":"https:\/\/encuentroinformativo.com.mx\/index.php?rest_route=\/wp\/v2\/media\/67468"}],"wp:attachment":[{"href":"https:\/\/encuentroinformativo.com.mx\/index.php?rest_route=%2Fwp%2Fv2%2Fmedia&parent=67467"}],"wp:term":[{"taxonomy":"category","embeddable":true,"href":"https:\/\/encuentroinformativo.com.mx\/index.php?rest_route=%2Fwp%2Fv2%2Fcategories&post=67467"},{"taxonomy":"post_tag","embeddable":true,"href":"https:\/\/encuentroinformativo.com.mx\/index.php?rest_route=%2Fwp%2Fv2%2Ftags&post=67467"}],"curies":[{"name":"wp","href":"https:\/\/api.w.org\/{rel}","templated":true}]}}