{"id":67473,"date":"2025-05-21T17:45:57","date_gmt":"2025-05-21T23:45:57","guid":{"rendered":"https:\/\/encuentroinformativo.com.mx\/?p=67473"},"modified":"2025-05-21T17:45:57","modified_gmt":"2025-05-21T23:45:57","slug":"alejandro-fernandez-hara-homenaje-a-su-padre-en-el-wtc","status":"publish","type":"post","link":"https:\/\/encuentroinformativo.com.mx\/?p=67473","title":{"rendered":"Alejandro Fern\u00e1ndez har\u00e1 homenaje a su padre en el WTC\u00a0"},"content":{"rendered":"<p><strong>Alejandro \u00c1vila<\/strong><\/p>\n<p>Veracruz, Ver.- El tour &#8220;De Rey a Rey&#8221;, donde Alejandro Fern\u00e1ndez rinde homenaje a su padre, Vicente Fern\u00e1ndez, llegar\u00e1 a Veracruz el pr\u00f3ximo 10 de diciembre en el World Trade Center de Veracruz, confirm\u00f3 la empresa RA Representaciones Art\u00edsticas.<\/p>\n<p>\u201cDe Rey a Rey\u201d no es s\u00f3lo un concierto, es un viaje emocional cargado de nostalgia, amor y admiraci\u00f3n, hacia una figura que dej\u00f3 una huella imborrable en la m\u00fasica y en el coraz\u00f3n de millones de fans; un show donde cada acorde y cada verso revivir\u00e1n recuerdos, evocar\u00e1n momentos inolvidables y rendir\u00e1n homenaje a un artista legendario que sigue vibrando con fuerza.<\/p>\n<p>Este concierto, adem\u00e1s de ser uno de los m\u00e1s esperados del a\u00f1o, tambi\u00e9n es una experiencia que unir\u00e1 generaciones a trav\u00e9s de la m\u00fasica.<\/p>\n","protected":false},"excerpt":{"rendered":"<p>Alejandro \u00c1vila Veracruz, Ver.- El tour &#8220;De Rey a Rey&#8221;, donde Alejandro Fern\u00e1ndez rinde homenaje a su padre, Vicente Fern\u00e1ndez, llegar\u00e1 a Veracruz el pr\u00f3ximo 10 de diciembre en el World Trade Center de Veracruz, confirm\u00f3 la empresa RA Representaciones Art\u00edsticas. \u201cDe Rey a Rey\u201d no es s\u00f3lo un concierto, es un viaje emocional cargado [&hellip;]<\/p>\n","protected":false},"author":2476,"featured_media":67474,"comment_status":"open","ping_status":"open","sticky":false,"template":"","format":"standard","meta":{"_jetpack_memberships_contains_paid_content":false,"footnotes":""},"categories":[2],"tags":[],"class_list":["post-67473","post","type-post","status-publish","format-standard","has-post-thumbnail","hentry","category-estado"],"jetpack_featured_media_url":"https:\/\/encuentroinformativo.com.mx\/wp-content\/uploads\/2025\/05\/IMG-20250521-WA0180.jpg","jetpack_sharing_enabled":true,"jetpack_likes_enabled":true,"amp_enabled":true,"_links":{"self":[{"href":"https:\/\/encuentroinformativo.com.mx\/index.php?rest_route=\/wp\/v2\/posts\/67473","targetHints":{"allow":["GET"]}}],"collection":[{"href":"https:\/\/encuentroinformativo.com.mx\/index.php?rest_route=\/wp\/v2\/posts"}],"about":[{"href":"https:\/\/encuentroinformativo.com.mx\/index.php?rest_route=\/wp\/v2\/types\/post"}],"author":[{"embeddable":true,"href":"https:\/\/encuentroinformativo.com.mx\/index.php?rest_route=\/wp\/v2\/users\/2476"}],"replies":[{"embeddable":true,"href":"https:\/\/encuentroinformativo.com.mx\/index.php?rest_route=%2Fwp%2Fv2%2Fcomments&post=67473"}],"version-history":[{"count":1,"href":"https:\/\/encuentroinformativo.com.mx\/index.php?rest_route=\/wp\/v2\/posts\/67473\/revisions"}],"predecessor-version":[{"id":67475,"href":"https:\/\/encuentroinformativo.com.mx\/index.php?rest_route=\/wp\/v2\/posts\/67473\/revisions\/67475"}],"wp:featuredmedia":[{"embeddable":true,"href":"https:\/\/encuentroinformativo.com.mx\/index.php?rest_route=\/wp\/v2\/media\/67474"}],"wp:attachment":[{"href":"https:\/\/encuentroinformativo.com.mx\/index.php?rest_route=%2Fwp%2Fv2%2Fmedia&parent=67473"}],"wp:term":[{"taxonomy":"category","embeddable":true,"href":"https:\/\/encuentroinformativo.com.mx\/index.php?rest_route=%2Fwp%2Fv2%2Fcategories&post=67473"},{"taxonomy":"post_tag","embeddable":true,"href":"https:\/\/encuentroinformativo.com.mx\/index.php?rest_route=%2Fwp%2Fv2%2Ftags&post=67473"}],"curies":[{"name":"wp","href":"https:\/\/api.w.org\/{rel}","templated":true}]}}