{"id":67496,"date":"2025-05-22T11:36:08","date_gmt":"2025-05-22T17:36:08","guid":{"rendered":"https:\/\/encuentroinformativo.com.mx\/?p=67496"},"modified":"2025-05-22T11:36:08","modified_gmt":"2025-05-22T17:36:08","slug":"alumnos-del-itver-se-vinculan-con-empresas-internacionales-de-veracruz","status":"publish","type":"post","link":"https:\/\/encuentroinformativo.com.mx\/?p=67496","title":{"rendered":"Alumnos del ITVER se vinculan con empresas internacionales de Veracruz"},"content":{"rendered":"<p><strong>Alejandro \u00c1vila<\/strong><\/p>\n<p>Veracruz, Ver.- El Instituto Tecnol\u00f3gico de Veracruz (ITVER) realiz\u00f3 la Feria de Vinculaci\u00f3n para los alumnos de dicha instituci\u00f3n educativa, donde se busca que los pr\u00f3ximos ingenieros sigan siendo la base de las empresas internacionales que tienen sede en el puerto.<\/p>\n<p>Marco Antonio Salgado Cervantes, rector del ITVER, se\u00f1al\u00f3 que a la fecha los alumnos tienen oportunidad de colaborar en cerca de 300 empresas que se encuentran en el Recinto Portuario o la Ciudad Industrial &#8220;Bruno Pagliai&#8221;.<\/p>\n<p>Si bien varios alumnos y egresados del tecnol\u00f3gico de Veracruz se encuentran ya trabajando en ICAVE o CICE, Tenaris TAMSA sigue siendo una de las empresas a las que m\u00e1s nutren y, se presume, que en pr\u00f3ximas fechas Constellation Brands tambi\u00e9n adhiera a varios de los ingenieros del ITVER.<\/p>\n<p>&#8220;Todas las que son empresas privadas y tambi\u00e9n p\u00fablicas tenemos mucha relaci\u00f3n con ellos desde hace tiempo y, en este caso, tratamos de que esta vinculaci\u00f3n se haga una realidad, no solamente en los salones de clase, sino que tengan un momento de contacto con las empresas (&#8230;) yo puedo estimar que alrededor del 70 por ciento se quedan en las empresas&#8221;, subray\u00f3.<\/p>\n<p>Dicho evento pudo realizarse con la colaboraci\u00f3n de Armando Pech a trav\u00e9s del departamento de coordinador, que es quien se encarga de la Logistica y Vinculaci\u00f3n de los eventos.<\/p>\n","protected":false},"excerpt":{"rendered":"<p>Alejandro \u00c1vila Veracruz, Ver.- El Instituto Tecnol\u00f3gico de Veracruz (ITVER) realiz\u00f3 la Feria de Vinculaci\u00f3n para los alumnos de dicha instituci\u00f3n educativa, donde se busca que los pr\u00f3ximos ingenieros sigan siendo la base de las empresas internacionales que tienen sede en el puerto. Marco Antonio Salgado Cervantes, rector del ITVER, se\u00f1al\u00f3 que a la fecha [&hellip;]<\/p>\n","protected":false},"author":2476,"featured_media":67497,"comment_status":"open","ping_status":"open","sticky":false,"template":"","format":"standard","meta":{"_jetpack_memberships_contains_paid_content":false,"footnotes":""},"categories":[2],"tags":[],"class_list":["post-67496","post","type-post","status-publish","format-standard","has-post-thumbnail","hentry","category-estado"],"jetpack_featured_media_url":"https:\/\/encuentroinformativo.com.mx\/wp-content\/uploads\/2025\/05\/IMG-20250522-WA00932-scaled.jpg","jetpack_sharing_enabled":true,"jetpack_likes_enabled":true,"amp_enabled":true,"_links":{"self":[{"href":"https:\/\/encuentroinformativo.com.mx\/index.php?rest_route=\/wp\/v2\/posts\/67496","targetHints":{"allow":["GET"]}}],"collection":[{"href":"https:\/\/encuentroinformativo.com.mx\/index.php?rest_route=\/wp\/v2\/posts"}],"about":[{"href":"https:\/\/encuentroinformativo.com.mx\/index.php?rest_route=\/wp\/v2\/types\/post"}],"author":[{"embeddable":true,"href":"https:\/\/encuentroinformativo.com.mx\/index.php?rest_route=\/wp\/v2\/users\/2476"}],"replies":[{"embeddable":true,"href":"https:\/\/encuentroinformativo.com.mx\/index.php?rest_route=%2Fwp%2Fv2%2Fcomments&post=67496"}],"version-history":[{"count":1,"href":"https:\/\/encuentroinformativo.com.mx\/index.php?rest_route=\/wp\/v2\/posts\/67496\/revisions"}],"predecessor-version":[{"id":67498,"href":"https:\/\/encuentroinformativo.com.mx\/index.php?rest_route=\/wp\/v2\/posts\/67496\/revisions\/67498"}],"wp:featuredmedia":[{"embeddable":true,"href":"https:\/\/encuentroinformativo.com.mx\/index.php?rest_route=\/wp\/v2\/media\/67497"}],"wp:attachment":[{"href":"https:\/\/encuentroinformativo.com.mx\/index.php?rest_route=%2Fwp%2Fv2%2Fmedia&parent=67496"}],"wp:term":[{"taxonomy":"category","embeddable":true,"href":"https:\/\/encuentroinformativo.com.mx\/index.php?rest_route=%2Fwp%2Fv2%2Fcategories&post=67496"},{"taxonomy":"post_tag","embeddable":true,"href":"https:\/\/encuentroinformativo.com.mx\/index.php?rest_route=%2Fwp%2Fv2%2Ftags&post=67496"}],"curies":[{"name":"wp","href":"https:\/\/api.w.org\/{rel}","templated":true}]}}