{"id":67499,"date":"2025-05-22T12:34:32","date_gmt":"2025-05-22T18:34:32","guid":{"rendered":"https:\/\/encuentroinformativo.com.mx\/?p=67499"},"modified":"2025-05-22T12:34:32","modified_gmt":"2025-05-22T18:34:32","slug":"se-deben-fortalecer-derechos-politico-electorales-claudia-diaz","status":"publish","type":"post","link":"https:\/\/encuentroinformativo.com.mx\/?p=67499","title":{"rendered":"Se deben fortalecer derechos pol\u00edtico &#8211; electorales: Claudia D\u00edaz"},"content":{"rendered":"<p><strong>Dar\u00edo Pale<\/strong><\/p>\n<p>Xalapa, Ver.- La Doctora Claudia D\u00edaz Tablada, candidata a magistrada de la Sala Regional Xalapa del Tribunal Electoral del Poder Judicial de la Federaci\u00f3n (TEPJF), ha recorrido los siete estados que conforman esta jurisdicci\u00f3n: Veracruz, Tabasco, Quintana Roo, Yucat\u00e1n, Oaxaca, Chiapas y Campeche, con el objetivo de acercarse a la ciudadan\u00eda y dar a conocer sus propuestas de cara a las elecciones judiciales.<\/p>\n<p>Entre sus principales compromisos destacan la defensa de los derechos pol\u00edtico-electorales, la promoci\u00f3n de elecciones transparentes y la erradicaci\u00f3n de la violencia pol\u00edtica contra las mujeres en raz\u00f3n de g\u00e9nero.<\/p>\n<p>\u201cLa justicia debe estar al servicio de todas y todos, sin discriminaci\u00f3n ni violencia\u201d, afirm\u00f3.<\/p>\n<p>D\u00edaz Tablada inform\u00f3 que su candidatura aparecer\u00e1 en la boleta color mel\u00f3n, en la lista 04, el pr\u00f3ximo 1 de junio.<\/p>\n<p>Finalmente, reiter\u00f3 que su aspiraci\u00f3n es fortalecer la justicia electoral desde una perspectiva de equidad, legalidad y cercan\u00eda con la gente, ya que con ella, la justicia es nuestra aliada.<\/p>\n","protected":false},"excerpt":{"rendered":"<p>Dar\u00edo Pale Xalapa, Ver.- La Doctora Claudia D\u00edaz Tablada, candidata a magistrada de la Sala Regional Xalapa del Tribunal Electoral del Poder Judicial de la Federaci\u00f3n (TEPJF), ha recorrido los siete estados que conforman esta jurisdicci\u00f3n: Veracruz, Tabasco, Quintana Roo, Yucat\u00e1n, Oaxaca, Chiapas y Campeche, con el objetivo de acercarse a la ciudadan\u00eda y dar [&hellip;]<\/p>\n","protected":false},"author":2476,"featured_media":67500,"comment_status":"open","ping_status":"open","sticky":false,"template":"","format":"standard","meta":{"_jetpack_memberships_contains_paid_content":false,"footnotes":""},"categories":[2],"tags":[],"class_list":["post-67499","post","type-post","status-publish","format-standard","has-post-thumbnail","hentry","category-estado"],"jetpack_featured_media_url":"https:\/\/encuentroinformativo.com.mx\/wp-content\/uploads\/2025\/05\/IMG-20250401-WA0307.jpg","jetpack_sharing_enabled":true,"jetpack_likes_enabled":true,"amp_enabled":true,"_links":{"self":[{"href":"https:\/\/encuentroinformativo.com.mx\/index.php?rest_route=\/wp\/v2\/posts\/67499","targetHints":{"allow":["GET"]}}],"collection":[{"href":"https:\/\/encuentroinformativo.com.mx\/index.php?rest_route=\/wp\/v2\/posts"}],"about":[{"href":"https:\/\/encuentroinformativo.com.mx\/index.php?rest_route=\/wp\/v2\/types\/post"}],"author":[{"embeddable":true,"href":"https:\/\/encuentroinformativo.com.mx\/index.php?rest_route=\/wp\/v2\/users\/2476"}],"replies":[{"embeddable":true,"href":"https:\/\/encuentroinformativo.com.mx\/index.php?rest_route=%2Fwp%2Fv2%2Fcomments&post=67499"}],"version-history":[{"count":1,"href":"https:\/\/encuentroinformativo.com.mx\/index.php?rest_route=\/wp\/v2\/posts\/67499\/revisions"}],"predecessor-version":[{"id":67501,"href":"https:\/\/encuentroinformativo.com.mx\/index.php?rest_route=\/wp\/v2\/posts\/67499\/revisions\/67501"}],"wp:featuredmedia":[{"embeddable":true,"href":"https:\/\/encuentroinformativo.com.mx\/index.php?rest_route=\/wp\/v2\/media\/67500"}],"wp:attachment":[{"href":"https:\/\/encuentroinformativo.com.mx\/index.php?rest_route=%2Fwp%2Fv2%2Fmedia&parent=67499"}],"wp:term":[{"taxonomy":"category","embeddable":true,"href":"https:\/\/encuentroinformativo.com.mx\/index.php?rest_route=%2Fwp%2Fv2%2Fcategories&post=67499"},{"taxonomy":"post_tag","embeddable":true,"href":"https:\/\/encuentroinformativo.com.mx\/index.php?rest_route=%2Fwp%2Fv2%2Ftags&post=67499"}],"curies":[{"name":"wp","href":"https:\/\/api.w.org\/{rel}","templated":true}]}}