{"id":67502,"date":"2025-05-22T12:42:16","date_gmt":"2025-05-22T18:42:16","guid":{"rendered":"https:\/\/encuentroinformativo.com.mx\/?p=67502"},"modified":"2025-05-22T12:42:16","modified_gmt":"2025-05-22T18:42:16","slug":"reprograman-concierto-de-pedro-fernandez-en-veracruz-por-ley-seca","status":"publish","type":"post","link":"https:\/\/encuentroinformativo.com.mx\/?p=67502","title":{"rendered":"Reprograman concierto de Pedro Fern\u00e1ndez en Veracruz por Ley Seca"},"content":{"rendered":"<p><strong>Alejandro \u00c1vila<\/strong><\/p>\n<p>Veracruz, Ver.- El cantante Pedro Fern\u00e1ndez con su tour &#8220;Ave F\u00e9nix&#8221; se presentar\u00eda el pr\u00f3ximo 31 de mayo en el auditorio Benito Ju\u00e1rez del Puerto de Veracruz; sin embargo, su concierto tuvo que ser reprogramado debido a la Ley Seca por las elecciones del pr\u00f3ximo 1 de junio.<\/p>\n<p>A trav\u00e9s de las redes sociales del propio artista se dio a conocer la informaci\u00f3n y, tambi\u00e9n se anunci\u00f3 que la nueva fecha ser\u00e1 el pr\u00f3ximo 20 de diciembre del 2025, aclarando que la intenci\u00f3n es que el p\u00fablico no tenga ninguna restricci\u00f3n para disfrutar de &#8220;El Aventurero&#8221;.<\/p>\n<p>\u201cAmarte a la Antigua\u201d, \u201cYo no Fui\u201d, \u201cDime mi Amor\u201d, \u201cMi Forma de Sentir\u201d, \u201cMe Encantas\u201d, \u201cTe doy la Vida\u201d, \u201cComo te extra\u00f1o mi Amor\u201d, \u201cComo sea la Mujer\u201d, \u201cDulcesito de Chamoy\u201d, son tan s\u00f3lo algunos de los \u00e9xitos que Pedro Fern\u00e1ndez cantar\u00e1 para su p\u00fablico con el \u201cAve F\u00e9nix Tour\u201d.<\/p>\n<p>De la misma manera se anunci\u00f3 que, los boletos ya adquiridos a trav\u00e9s de la plataforma Seguriti Ticket ser\u00e1n v\u00e1lidos para la nueva fecha.<\/p>\n","protected":false},"excerpt":{"rendered":"<p>Alejandro \u00c1vila Veracruz, Ver.- El cantante Pedro Fern\u00e1ndez con su tour &#8220;Ave F\u00e9nix&#8221; se presentar\u00eda el pr\u00f3ximo 31 de mayo en el auditorio Benito Ju\u00e1rez del Puerto de Veracruz; sin embargo, su concierto tuvo que ser reprogramado debido a la Ley Seca por las elecciones del pr\u00f3ximo 1 de junio. A trav\u00e9s de las redes [&hellip;]<\/p>\n","protected":false},"author":2476,"featured_media":67503,"comment_status":"open","ping_status":"open","sticky":false,"template":"","format":"standard","meta":{"_jetpack_memberships_contains_paid_content":false,"footnotes":""},"categories":[2],"tags":[],"class_list":["post-67502","post","type-post","status-publish","format-standard","has-post-thumbnail","hentry","category-estado"],"jetpack_featured_media_url":"https:\/\/encuentroinformativo.com.mx\/wp-content\/uploads\/2025\/05\/IMG-20250522-WA0129.jpg","jetpack_sharing_enabled":true,"jetpack_likes_enabled":true,"amp_enabled":true,"_links":{"self":[{"href":"https:\/\/encuentroinformativo.com.mx\/index.php?rest_route=\/wp\/v2\/posts\/67502","targetHints":{"allow":["GET"]}}],"collection":[{"href":"https:\/\/encuentroinformativo.com.mx\/index.php?rest_route=\/wp\/v2\/posts"}],"about":[{"href":"https:\/\/encuentroinformativo.com.mx\/index.php?rest_route=\/wp\/v2\/types\/post"}],"author":[{"embeddable":true,"href":"https:\/\/encuentroinformativo.com.mx\/index.php?rest_route=\/wp\/v2\/users\/2476"}],"replies":[{"embeddable":true,"href":"https:\/\/encuentroinformativo.com.mx\/index.php?rest_route=%2Fwp%2Fv2%2Fcomments&post=67502"}],"version-history":[{"count":1,"href":"https:\/\/encuentroinformativo.com.mx\/index.php?rest_route=\/wp\/v2\/posts\/67502\/revisions"}],"predecessor-version":[{"id":67504,"href":"https:\/\/encuentroinformativo.com.mx\/index.php?rest_route=\/wp\/v2\/posts\/67502\/revisions\/67504"}],"wp:featuredmedia":[{"embeddable":true,"href":"https:\/\/encuentroinformativo.com.mx\/index.php?rest_route=\/wp\/v2\/media\/67503"}],"wp:attachment":[{"href":"https:\/\/encuentroinformativo.com.mx\/index.php?rest_route=%2Fwp%2Fv2%2Fmedia&parent=67502"}],"wp:term":[{"taxonomy":"category","embeddable":true,"href":"https:\/\/encuentroinformativo.com.mx\/index.php?rest_route=%2Fwp%2Fv2%2Fcategories&post=67502"},{"taxonomy":"post_tag","embeddable":true,"href":"https:\/\/encuentroinformativo.com.mx\/index.php?rest_route=%2Fwp%2Fv2%2Ftags&post=67502"}],"curies":[{"name":"wp","href":"https:\/\/api.w.org\/{rel}","templated":true}]}}