{"id":67539,"date":"2025-05-23T12:55:12","date_gmt":"2025-05-23T18:55:12","guid":{"rendered":"https:\/\/encuentroinformativo.com.mx\/?p=67539"},"modified":"2025-05-23T12:55:12","modified_gmt":"2025-05-23T18:55:12","slug":"acusan-maestras-de-kinder-presuntos-malos-tratos-de-supervisora-escolar","status":"publish","type":"post","link":"https:\/\/encuentroinformativo.com.mx\/?p=67539","title":{"rendered":"Acusan maestras de kinder presuntos malos tratos de supervisora escolar"},"content":{"rendered":"<p><strong>Dar\u00edo Pale<\/strong><\/p>\n<p>Xalapa, Ver.- Las docentes del Jard\u00edn de ni\u00f1os \u201cCarlos F. Moreno\u201d de la colonia Cerro Colorado se manifestaron en la Plaza Lerdo donde dieron a conocer que son v\u00edctimas de una serie de conductas pasivo-agresivas por parte de la supervisora de la zona 90 del sector XV de preescolar.<\/p>\n<p>Entrevistadas durante la manifestaci\u00f3n las docentes Olivia S\u00e1nchez Moreno y Maria Ariadna Aguilar Alarc\u00f3n se\u00f1alaron que, aparentemente les aplicaron un protocolo a partir de que entregaron un proyecto de preescolar y a partir de ese momento empezo una ola de perseguimientos.<\/p>\n<p>\u201cSoy doctora en educaci\u00f3n preescolar, tengo mucho que aportar y mucho que decir, y aqu\u00ed est\u00e1, y a partir de ese momento empieza una ola de perseguimientos, donde nos pusieron quejas por aparentemente haber maltratado a un menor, se hicieron unas quejas, nos llevaron, nos dijeron que despu\u00e9s, que no daba lugar porque no pudieron comprobar todo lo que se dec\u00eda de nosotras, y nos dan un oficio de que ten\u00edamos que regresar a nuestro centro de trabajo el 17 de febrero\u201d, se\u00f1al\u00f3.<\/p>\n<p>Termin\u00f3 febrero y empezaron a ver que no hab\u00eda movimiento para que regresaran a su escuela, fueron a preguntar y les dijeron que ten\u00edan la orden de regresar a su escuela, \u201cpero esta supervisora dice que es operadora pol\u00edtica por Morena en Emiliano Zapata\u201d.<\/p>\n<p>\u201cEntonces lo que nosotros pedimos es que nos cambien de adscripci\u00f3n de zona y sector, de no tener nada que ver con ella, que nos dejen trabajar con dignidad, que nos permitan terminar nuestro ciclo de vida como trabajadores, pero con dignidad y con la frente en alto como lo hemos hecho siempre\u201d, coment\u00f3.<\/p>\n<p>Dijo que represalias como tal no, pero si nos han dicho que si no hacen lo que ella diga, porque ella es la supervisora, pues vamos a tener consecuencias, ya que los han ido a visitar tres veces en un mes y en siete a\u00f1os solamente fue una vez.<\/p>\n<p>\u201cNosotros nos tardamos cinco a\u00f1os para obtener luz en nuestra escuela despu\u00e9s de la pandemia y ahorita no tenemos luz y tenemos que volver a reiniciar para tener luz\u201d, acus\u00f3.<\/p>\n<p>Actualmente cuentan con un solo alumno, porque se hizo una campa\u00f1a en nuestra contra \u201ccanija\u201d sobre sus personas, por lo que regresar a ese lugar ya no est\u00e1n contentos \u201cya no es sano ni para nosotras ni para ella como supervisora, ni para los padres ni para los ni\u00f1os, queremos que esta comunidad siga creciendo porque en el jard\u00edn donde estamos van los ni\u00f1os m\u00e1s vulnerables\u201d.<\/p>\n<p>Finalmente dieron a conocer que ya hicieron entrega de varios oficios algunos en palacio de gobierno donde ya les otorgaron un n\u00famero de folio, de igual forma entregaron oficios en la SEV pero ah\u00ed no les dijeron nada, que solo estaban sujetos a revisi\u00f3n y hasta la fecha nada.<\/p>\n","protected":false},"excerpt":{"rendered":"<p>Dar\u00edo Pale Xalapa, Ver.- Las docentes del Jard\u00edn de ni\u00f1os \u201cCarlos F. Moreno\u201d de la colonia Cerro Colorado se manifestaron en la Plaza Lerdo donde dieron a conocer que son v\u00edctimas de una serie de conductas pasivo-agresivas por parte de la supervisora de la zona 90 del sector XV de preescolar. Entrevistadas durante la manifestaci\u00f3n [&hellip;]<\/p>\n","protected":false},"author":2476,"featured_media":67540,"comment_status":"open","ping_status":"open","sticky":false,"template":"","format":"standard","meta":{"_jetpack_memberships_contains_paid_content":false,"footnotes":""},"categories":[3],"tags":[],"class_list":["post-67539","post","type-post","status-publish","format-standard","has-post-thumbnail","hentry","category-xalapa"],"jetpack_featured_media_url":"https:\/\/encuentroinformativo.com.mx\/wp-content\/uploads\/2025\/05\/IMG-20250523-WA0055.jpg","jetpack_sharing_enabled":true,"jetpack_likes_enabled":true,"amp_enabled":true,"_links":{"self":[{"href":"https:\/\/encuentroinformativo.com.mx\/index.php?rest_route=\/wp\/v2\/posts\/67539","targetHints":{"allow":["GET"]}}],"collection":[{"href":"https:\/\/encuentroinformativo.com.mx\/index.php?rest_route=\/wp\/v2\/posts"}],"about":[{"href":"https:\/\/encuentroinformativo.com.mx\/index.php?rest_route=\/wp\/v2\/types\/post"}],"author":[{"embeddable":true,"href":"https:\/\/encuentroinformativo.com.mx\/index.php?rest_route=\/wp\/v2\/users\/2476"}],"replies":[{"embeddable":true,"href":"https:\/\/encuentroinformativo.com.mx\/index.php?rest_route=%2Fwp%2Fv2%2Fcomments&post=67539"}],"version-history":[{"count":1,"href":"https:\/\/encuentroinformativo.com.mx\/index.php?rest_route=\/wp\/v2\/posts\/67539\/revisions"}],"predecessor-version":[{"id":67541,"href":"https:\/\/encuentroinformativo.com.mx\/index.php?rest_route=\/wp\/v2\/posts\/67539\/revisions\/67541"}],"wp:featuredmedia":[{"embeddable":true,"href":"https:\/\/encuentroinformativo.com.mx\/index.php?rest_route=\/wp\/v2\/media\/67540"}],"wp:attachment":[{"href":"https:\/\/encuentroinformativo.com.mx\/index.php?rest_route=%2Fwp%2Fv2%2Fmedia&parent=67539"}],"wp:term":[{"taxonomy":"category","embeddable":true,"href":"https:\/\/encuentroinformativo.com.mx\/index.php?rest_route=%2Fwp%2Fv2%2Fcategories&post=67539"},{"taxonomy":"post_tag","embeddable":true,"href":"https:\/\/encuentroinformativo.com.mx\/index.php?rest_route=%2Fwp%2Fv2%2Ftags&post=67539"}],"curies":[{"name":"wp","href":"https:\/\/api.w.org\/{rel}","templated":true}]}}