{"id":67559,"date":"2025-05-24T15:53:48","date_gmt":"2025-05-24T21:53:48","guid":{"rendered":"https:\/\/encuentroinformativo.com.mx\/?p=67559"},"modified":"2025-05-24T15:53:48","modified_gmt":"2025-05-24T21:53:48","slug":"mas-de-45-mil-jovenes-buscan-ingresar-a-la-uv","status":"publish","type":"post","link":"https:\/\/encuentroinformativo.com.mx\/?p=67559","title":{"rendered":"M\u00e1s de 45 mil j\u00f3venes buscan ingresar a la UV"},"content":{"rendered":"<p><strong>Dar\u00edo Pale<\/strong><\/p>\n<p>Xalapa, Ver.- El rector de la Universidad Veracruzana (UV), Mart\u00edn Aguilar S\u00e1nchez dio a conocer que debido a la alta demanda de j\u00f3venes que buscan estudiar en la Universidad Veracruzana, este a\u00f1o se ofertaron mil 800 lugares m\u00e1s.<\/p>\n<p>En entrevista despu\u00e9s de recorrer las unidades de Ciencias de la Salud, Humanidades, Ingenier\u00eda y Ciencias Qu\u00edmicas, y la Facultad de Contadur\u00eda y Administraci\u00f3n en el campus Xalapa como parte de la supervisi\u00f3n de la aplicaci\u00f3n del examen de admisi\u00f3n dijo que, \u201cestamos haciendo un gran esfuerzo para abrir m\u00e1s lugares&#8221;.<\/p>\n<p>Este 2025 ser\u00e1n 45 mil estudiantes los que presenten ex\u00e1menes de admisi\u00f3n para las diferentes carreras que ofrece la Universidad Veracruzana, los ex\u00e1menes se presentar\u00e1n este s\u00e1bado y domingo 24 y 25 de mayo, as\u00ed como el 27 y 28 de mayo en l\u00ednea.<\/p>\n<p>De dicha cantidad ser\u00e1n casi 21 mil estudiantes los que podr\u00e1n tener un lugar en la UV, a diferencia del a\u00f1o pasado dijo, se abrieron m\u00e1s de mil 800 lugares adicionales, intentando ampliar la oferta en carreras como Medicina y Enfermer\u00eda, adem\u00e1s de abrir nuevas carreras como t\u00e9cnico en Jazz e Ingenier\u00eda Ambiental.<\/p>\n<p>Y es que mencion\u00f3 que es una cantidad importante de los estudiantes que se quedan afuera, por lo que se est\u00e1 trabajando para que aproximadamente en 4 a\u00f1os m\u00e1s sean aceptados alrededor de ocho mil estudiantes m\u00e1s los que se acepten.<\/p>\n<p>Estos ex\u00e1menes se est\u00e1n aplicando en 23 sedes, asimismo dijo, se tiene un espacio para m\u00e1s de 800 estudiantes en vulnerabilidad.<\/p>\n<p>Para concluir indic\u00f3 que los resultados se dar\u00e1n a conocer el cuatro de julio.<\/p>\n","protected":false},"excerpt":{"rendered":"<p>Dar\u00edo Pale Xalapa, Ver.- El rector de la Universidad Veracruzana (UV), Mart\u00edn Aguilar S\u00e1nchez dio a conocer que debido a la alta demanda de j\u00f3venes que buscan estudiar en la Universidad Veracruzana, este a\u00f1o se ofertaron mil 800 lugares m\u00e1s. En entrevista despu\u00e9s de recorrer las unidades de Ciencias de la Salud, Humanidades, Ingenier\u00eda y [&hellip;]<\/p>\n","protected":false},"author":2476,"featured_media":67557,"comment_status":"open","ping_status":"open","sticky":false,"template":"","format":"standard","meta":{"_jetpack_memberships_contains_paid_content":false,"footnotes":""},"categories":[2],"tags":[],"class_list":["post-67559","post","type-post","status-publish","format-standard","has-post-thumbnail","hentry","category-estado"],"jetpack_featured_media_url":"https:\/\/encuentroinformativo.com.mx\/wp-content\/uploads\/2025\/05\/IMG-20250524-WA00832.jpg","jetpack_sharing_enabled":true,"jetpack_likes_enabled":true,"amp_enabled":true,"_links":{"self":[{"href":"https:\/\/encuentroinformativo.com.mx\/index.php?rest_route=\/wp\/v2\/posts\/67559","targetHints":{"allow":["GET"]}}],"collection":[{"href":"https:\/\/encuentroinformativo.com.mx\/index.php?rest_route=\/wp\/v2\/posts"}],"about":[{"href":"https:\/\/encuentroinformativo.com.mx\/index.php?rest_route=\/wp\/v2\/types\/post"}],"author":[{"embeddable":true,"href":"https:\/\/encuentroinformativo.com.mx\/index.php?rest_route=\/wp\/v2\/users\/2476"}],"replies":[{"embeddable":true,"href":"https:\/\/encuentroinformativo.com.mx\/index.php?rest_route=%2Fwp%2Fv2%2Fcomments&post=67559"}],"version-history":[{"count":1,"href":"https:\/\/encuentroinformativo.com.mx\/index.php?rest_route=\/wp\/v2\/posts\/67559\/revisions"}],"predecessor-version":[{"id":67560,"href":"https:\/\/encuentroinformativo.com.mx\/index.php?rest_route=\/wp\/v2\/posts\/67559\/revisions\/67560"}],"wp:featuredmedia":[{"embeddable":true,"href":"https:\/\/encuentroinformativo.com.mx\/index.php?rest_route=\/wp\/v2\/media\/67557"}],"wp:attachment":[{"href":"https:\/\/encuentroinformativo.com.mx\/index.php?rest_route=%2Fwp%2Fv2%2Fmedia&parent=67559"}],"wp:term":[{"taxonomy":"category","embeddable":true,"href":"https:\/\/encuentroinformativo.com.mx\/index.php?rest_route=%2Fwp%2Fv2%2Fcategories&post=67559"},{"taxonomy":"post_tag","embeddable":true,"href":"https:\/\/encuentroinformativo.com.mx\/index.php?rest_route=%2Fwp%2Fv2%2Ftags&post=67559"}],"curies":[{"name":"wp","href":"https:\/\/api.w.org\/{rel}","templated":true}]}}