{"id":67561,"date":"2025-05-24T16:20:59","date_gmt":"2025-05-24T22:20:59","guid":{"rendered":"https:\/\/encuentroinformativo.com.mx\/?p=67561"},"modified":"2025-05-24T16:20:59","modified_gmt":"2025-05-24T22:20:59","slug":"en-vispera-de-jornada-electoral-acusa-pt-terrorismo-de-estado","status":"publish","type":"post","link":"https:\/\/encuentroinformativo.com.mx\/?p=67561","title":{"rendered":"En v\u00edspera de jornada electoral, acusa PT &#8220;terrorismo de Estado&#8221;"},"content":{"rendered":"<p><strong>Dar\u00edo Pale<\/strong><\/p>\n<p>Xalapa, Ver.- El Diputado Local del PT Ram\u00f3n D\u00edaz \u00c1vila acuso &#8220;terrorismo de Estado&#8221; esto tras las agresiones a candidatos, ya que durante la madrugada y ma\u00f1ana de este s\u00e1bado ocurrieron tres hechos contra tres candidatos de su partido.<\/p>\n<p>En conferencia de prensa junto con el l\u00edder nacional, Alberto Anaya, coment\u00f3 que esto ocurri\u00f3 en el municipio de Catemaco,<\/p>\n<p>Detall\u00f3 que esta ma\u00f1ana una escuela de Catemaco, en donde se instalar\u00e1n casillas para votar el 1 de junio, fue vandalizada y quemada, asimismo, se\u00f1al\u00f3 que en el municipio de Lerdo de Tejada, la candidata fue amenazada.<\/p>\n<p>&#8220;Teme por su vida, va a presentar denuncia v\u00eda abogados porque la Fiscal\u00eda la cit\u00f3 a las 11 de la noche en San Andr\u00e9s Tuxtla&#8221;, se\u00f1al\u00f3.<\/p>\n<p>El legislador petista consider\u00f3 que este es un horario inusual, por lo que critic\u00f3 que el organismo aut\u00f3nomo act\u00fae a &#8220;contentillo&#8221; o a &#8220;mandato&#8221; quien sabe de qui\u00e9n.<\/p>\n<p>De la misma forma, D\u00edaz \u00c1vila denunci\u00f3 que la madrugada de este s\u00e1bado, se metieron a las oficinas del candidato de Tuxpan.<\/p>\n<p>Ah\u00ed se robaron las computadoras donde ten\u00edan guardados asuntos de la campa\u00f1a, adem\u00e1s se robaron las llaves de varios veh\u00edculos usados para el perifoneo y para el traslado del candidato y su gente.<\/p>\n<p>&#8220;Quiebran los controles de las camionetas, de las alarmas y obviamente \u00e9l est\u00e1 presentando las denuncias&#8221;, coment\u00f3.<\/p>\n<p>Por todo lo anterios coment\u00f3, &#8220;yo s\u00ed quiero acusar un terrorismo de Estado porque este no es el primer caso, ya son muchos y, si acaso el Estado se deslinda, que encuentre a los responsables&#8221;.<\/p>\n<p>Dio a conocer que se suman tres agresiones m\u00e1s contra los candidatos petistas, pero ya son m\u00e1s de 44 candidatos del PT que han pedido seguridad ante el OPLE.<\/p>\n<p>En las semanas de la precampa\u00f1a y campa\u00f1a las y los candidatos han sido objeto de persecuciones, intimidaciones, amenazas directas, por lo que recalc\u00f3, es un tema preocupante.<\/p>\n<p>Reconoci\u00f3 que muchos no presentan las denuncias correspondientes porque temen que les pase algo, pero 44 ya pidieron seguridad, de estos, solamente uno cuenta con el apoyo de la SSP.<\/p>\n<p>Por lo que en el caso de la seguridad para las y los candidatos, D\u00edaz \u00c1vila expuso que adem\u00e1s del apoyo de la SSP, tuvieron que contratar seguridad privada.<\/p>\n<p>&#8220;Solamente tenemos informe de uno que le lleg\u00f3 seguridad, pero llegan y le dicen que el candidato tiene que pagar hospedaje y alimentaci\u00f3n&#8221;, critic\u00f3.<\/p>\n<p>Finalmente ante esta situaci\u00f3n, el legislador del PT, partido pol\u00edtico que siempre dice que es aliado de la 4T, asegur\u00f3 que por todo lo que les ha pasado, no hay piso parejo para todos.<\/p>\n","protected":false},"excerpt":{"rendered":"<p>Dar\u00edo Pale Xalapa, Ver.- El Diputado Local del PT Ram\u00f3n D\u00edaz \u00c1vila acuso &#8220;terrorismo de Estado&#8221; esto tras las agresiones a candidatos, ya que durante la madrugada y ma\u00f1ana de este s\u00e1bado ocurrieron tres hechos contra tres candidatos de su partido. En conferencia de prensa junto con el l\u00edder nacional, Alberto Anaya, coment\u00f3 que esto [&hellip;]<\/p>\n","protected":false},"author":2476,"featured_media":67562,"comment_status":"open","ping_status":"open","sticky":false,"template":"","format":"standard","meta":{"_jetpack_memberships_contains_paid_content":false,"footnotes":""},"categories":[2],"tags":[],"class_list":["post-67561","post","type-post","status-publish","format-standard","has-post-thumbnail","hentry","category-estado"],"jetpack_featured_media_url":"https:\/\/encuentroinformativo.com.mx\/wp-content\/uploads\/2025\/05\/IMG-20250524-WA0103.jpg","jetpack_sharing_enabled":true,"jetpack_likes_enabled":true,"amp_enabled":true,"_links":{"self":[{"href":"https:\/\/encuentroinformativo.com.mx\/index.php?rest_route=\/wp\/v2\/posts\/67561","targetHints":{"allow":["GET"]}}],"collection":[{"href":"https:\/\/encuentroinformativo.com.mx\/index.php?rest_route=\/wp\/v2\/posts"}],"about":[{"href":"https:\/\/encuentroinformativo.com.mx\/index.php?rest_route=\/wp\/v2\/types\/post"}],"author":[{"embeddable":true,"href":"https:\/\/encuentroinformativo.com.mx\/index.php?rest_route=\/wp\/v2\/users\/2476"}],"replies":[{"embeddable":true,"href":"https:\/\/encuentroinformativo.com.mx\/index.php?rest_route=%2Fwp%2Fv2%2Fcomments&post=67561"}],"version-history":[{"count":2,"href":"https:\/\/encuentroinformativo.com.mx\/index.php?rest_route=\/wp\/v2\/posts\/67561\/revisions"}],"predecessor-version":[{"id":67564,"href":"https:\/\/encuentroinformativo.com.mx\/index.php?rest_route=\/wp\/v2\/posts\/67561\/revisions\/67564"}],"wp:featuredmedia":[{"embeddable":true,"href":"https:\/\/encuentroinformativo.com.mx\/index.php?rest_route=\/wp\/v2\/media\/67562"}],"wp:attachment":[{"href":"https:\/\/encuentroinformativo.com.mx\/index.php?rest_route=%2Fwp%2Fv2%2Fmedia&parent=67561"}],"wp:term":[{"taxonomy":"category","embeddable":true,"href":"https:\/\/encuentroinformativo.com.mx\/index.php?rest_route=%2Fwp%2Fv2%2Fcategories&post=67561"},{"taxonomy":"post_tag","embeddable":true,"href":"https:\/\/encuentroinformativo.com.mx\/index.php?rest_route=%2Fwp%2Fv2%2Ftags&post=67561"}],"curies":[{"name":"wp","href":"https:\/\/api.w.org\/{rel}","templated":true}]}}