{"id":67568,"date":"2025-05-24T16:32:06","date_gmt":"2025-05-24T22:32:06","guid":{"rendered":"https:\/\/encuentroinformativo.com.mx\/?p=67568"},"modified":"2025-05-24T16:32:06","modified_gmt":"2025-05-24T22:32:06","slug":"inseguridad-herencia-que-reciben-gobernantes-alberto-anaya","status":"publish","type":"post","link":"https:\/\/encuentroinformativo.com.mx\/?p=67568","title":{"rendered":"Inseguridad, herencia que reciben gobernantes: Alberto Anaya"},"content":{"rendered":"<p><strong>Dar\u00edo Pale<\/strong><\/p>\n<p>Xalapa, Ver.- El dirigente nacional del Partido del Trabajo (PT), Alberto Anaya minimiz\u00f3 los hechos de violencia que se est\u00e1n registrando en el estado de Veracruz, ya que dijo que no es un asunto privativo de este estado si no de todo el pa\u00eds.<\/p>\n<p>En conferencia de prensa, opin\u00f3 que la inseguridad es un asunto que tiene d\u00e9cadas, &#8220;es una herencia que reciben los gobernantes, espero que la Gobernadora haga sus estudios y trabajo. Es amiga y sabemos que va a actuar en consecuencia&#8221;.<\/p>\n<p>El tambi\u00e9n legislador federal justific\u00f3 que la inseguridad no es un asunto privativo de Veracruz, sino de varias entidades del pa\u00eds, &#8220;como parte del pa\u00eds, Veracruz tambi\u00e9n tiene ese problema&#8221;.<\/p>\n<p>Esquiv\u00f3 responder si el hecho de revivir carpetas contra los candidatos de su partido sea una especie de revancha porque quer\u00edan lograr m\u00e1s candidaturas antes de firmar la alianza.<\/p>\n<p>&#8220;En el pasado hemos ido de manera planeada en el 2024, cuando el Plan C, cuando menos en dos estados convenimos y pactamos ir solos, es una situaci\u00f3n en donde no hay puntos de acuerdo, donde las partes no se ponen de acuerdo y lo mejor es ir solos, pero seguimos&#8230; hemos ido solos en Hidalgo, en Sonora, en Oaxaca, en Tabasco, Chiapas, San Luis Potos\u00ed, Quer\u00e9taro&#8221;, record\u00f3.<\/p>\n<p>Por otra parte el diputado local y comisionado nacional del PT, Ram\u00f3n D\u00edaz \u00c1vila, dio a conocer que la Fiscal\u00eda General del Estado (FGE) s\u00ed est\u00e1 reviviendo carpetas de investigaci\u00f3n en contra de alcaldes y candidatos del PT, que tengan alg\u00fan asunto pendiente o que no haya sido resuelto desde hace tiempo, tal como lo solicit\u00f3 la gobernadora Roc\u00edo Nahle Garc\u00eda.<\/p>\n<p>El diputado local, dijo que \u00e9l desconoce si las carpetas est\u00e9n relacionadas con grupos delictivos.<\/p>\n<p>&#8220;Lo que yo estoy denunciando es que la Fiscal\u00eda General del Estado est\u00e1 presionando a alcaldes, a candidatos, a cualquiera que tenga alg\u00fan asunto pendiente que no fue resuelto durante mucho tiempo, los est\u00e1n reviviendo para presionar, entonces creemos que el gobierno del Estado aunque sea independiente, aut\u00f3nomo, pero siempre hemos sabido que tienen alguna recomendaci\u00f3n especial para poder actuar&#8221;, se\u00f1al\u00f3.<\/p>\n<p>El legislador se neg\u00f3 a revelar cu\u00e1ntas carpetas de investigaci\u00f3n les han revivido a sus candidatos para que nos los persigan, adem\u00e1s de que varios ya est\u00e1n buscando amparos.<\/p>\n<p>Por otra parte, indic\u00f3 que el Partido del Trabajo solicit\u00f3 que la Secretar\u00eda de Seguridad y Protecci\u00f3n Ciudadana sea la instituci\u00f3n que cuide el proceso electoral del pr\u00f3ximo 1 de junio, en Veracruz.<\/p>\n<p>Manifest\u00f3 que les han pedido a las y los candidatos de su partido que no paren sus campa\u00f1as, que mejor redoblen su seguridad personal y no caminen solos estos \u00faltimos d\u00edas.<\/p>\n<p>Record\u00f3 que en otras conferencias han denunciado y pedido que la Guardia Nacional resguarde la jornada electoral del 1 de junio.<\/p>\n<p>&#8220;Las compa\u00f1eras y compa\u00f1eros en los municipios desconf\u00edan de la polic\u00eda local, de la Polic\u00eda Estatal para el cuidado de la jornada electoral&#8221;, coment\u00f3.<\/p>\n<p>D\u00edaz \u00c1vila manifest\u00f3 su confianza al gobierno Federal de que habr\u00e1 suficiente seguridad el d\u00eda de la jornada electoral.<\/p>\n<p>Finalmente dijo que, ahora solamente queda que el OPLE haga su trabajo y les env\u00eden la seguridad que han estado solicitando.<\/p>\n","protected":false},"excerpt":{"rendered":"<p>Dar\u00edo Pale Xalapa, Ver.- El dirigente nacional del Partido del Trabajo (PT), Alberto Anaya minimiz\u00f3 los hechos de violencia que se est\u00e1n registrando en el estado de Veracruz, ya que dijo que no es un asunto privativo de este estado si no de todo el pa\u00eds. En conferencia de prensa, opin\u00f3 que la inseguridad es [&hellip;]<\/p>\n","protected":false},"author":2476,"featured_media":67569,"comment_status":"open","ping_status":"open","sticky":false,"template":"","format":"standard","meta":{"_jetpack_memberships_contains_paid_content":false,"footnotes":""},"categories":[2],"tags":[],"class_list":["post-67568","post","type-post","status-publish","format-standard","has-post-thumbnail","hentry","category-estado"],"jetpack_featured_media_url":"https:\/\/encuentroinformativo.com.mx\/wp-content\/uploads\/2025\/05\/IMG-20250524-WA0101.jpg","jetpack_sharing_enabled":true,"jetpack_likes_enabled":true,"amp_enabled":true,"_links":{"self":[{"href":"https:\/\/encuentroinformativo.com.mx\/index.php?rest_route=\/wp\/v2\/posts\/67568","targetHints":{"allow":["GET"]}}],"collection":[{"href":"https:\/\/encuentroinformativo.com.mx\/index.php?rest_route=\/wp\/v2\/posts"}],"about":[{"href":"https:\/\/encuentroinformativo.com.mx\/index.php?rest_route=\/wp\/v2\/types\/post"}],"author":[{"embeddable":true,"href":"https:\/\/encuentroinformativo.com.mx\/index.php?rest_route=\/wp\/v2\/users\/2476"}],"replies":[{"embeddable":true,"href":"https:\/\/encuentroinformativo.com.mx\/index.php?rest_route=%2Fwp%2Fv2%2Fcomments&post=67568"}],"version-history":[{"count":1,"href":"https:\/\/encuentroinformativo.com.mx\/index.php?rest_route=\/wp\/v2\/posts\/67568\/revisions"}],"predecessor-version":[{"id":67570,"href":"https:\/\/encuentroinformativo.com.mx\/index.php?rest_route=\/wp\/v2\/posts\/67568\/revisions\/67570"}],"wp:featuredmedia":[{"embeddable":true,"href":"https:\/\/encuentroinformativo.com.mx\/index.php?rest_route=\/wp\/v2\/media\/67569"}],"wp:attachment":[{"href":"https:\/\/encuentroinformativo.com.mx\/index.php?rest_route=%2Fwp%2Fv2%2Fmedia&parent=67568"}],"wp:term":[{"taxonomy":"category","embeddable":true,"href":"https:\/\/encuentroinformativo.com.mx\/index.php?rest_route=%2Fwp%2Fv2%2Fcategories&post=67568"},{"taxonomy":"post_tag","embeddable":true,"href":"https:\/\/encuentroinformativo.com.mx\/index.php?rest_route=%2Fwp%2Fv2%2Ftags&post=67568"}],"curies":[{"name":"wp","href":"https:\/\/api.w.org\/{rel}","templated":true}]}}