{"id":6760,"date":"2020-10-10T15:25:23","date_gmt":"2020-10-10T20:25:23","guid":{"rendered":"https:\/\/encuentroinformativo.com.mx\/?p=6760"},"modified":"2020-10-10T15:25:27","modified_gmt":"2020-10-10T20:25:27","slug":"con-protesta-defienden-invasion-de-sierra-alta-en-coatepec","status":"publish","type":"post","link":"https:\/\/encuentroinformativo.com.mx\/?p=6760","title":{"rendered":"Con protesta, defienden invasi\u00f3n de Sierra Alta en Coatepec"},"content":{"rendered":"\n<p><strong>Dar\u00edo Pale <\/strong><\/p>\n\n\n\n<p>Xalapa, Ver.- El ciudadano Rodrigo Cervantes, presente en la manifestaci\u00f3n, frente al palacio municipal de Coatepec se\u00f1al\u00f3 que\u00a0&#8220;Defendamos los bosques y el agua de Coatepec&#8221;, es lo que est\u00e1n convocando los habitantes de dicho Pueblo M\u00e1gico con una protesta en el parque Hidalgo.<\/p>\n\n\n\n<p>Entrevistado durante la manifestaci\u00f3n donde ciudadanos protestaron en el Parque Miguel Hidalgo de Coatepec contra la lentitud del Gobierno de M\u00e9xico contra la invasi\u00f3n de 2 mil hect\u00e1reas en la Sierra Alta por parte de la organizaci\u00f3n Central Independiente de Obreros Agr\u00edcolas Campesino (CIOAC).<\/p>\n\n\n\n<p>Record\u00f3 que un juzgado federal aval\u00f3 una suspensi\u00f3n provisional a partir de un argumento ambiental, a lo que el\u00a0afectado refiri\u00f3 que dentro del proceso de deslinde del predio Sierra Alta la Secretar\u00eda de Desarrollo Agrario, Territorial y Urbano (Sedatu) incurri\u00f3 en el derribo de \u00e1rboles, dado que es una zona protegida.<\/p>\n\n\n\n<p>&#8220;Y le puso unos requisitos que laSedatu dijo, oye me ponen unos requisitos que no los puedo hacer, voy a terminar cortando&#8217;, porque ha habido \u00e1rboles amenazados cortados, ha habido vegetaci\u00f3n end\u00e9mica&#8221;, afirm\u00f3.<\/p>\n\n\n\n<p>El inconforme a\u00f1adi\u00f3 que integrantes de CIOAC adem\u00e1s han faltado a las audiencias ante la entidad judicial de manera dolosa para retrasar el proceso.<\/p>\n\n\n\n<p>Neg\u00f3 que solo sean 50 propietarios afectados &#8220;gringos, como acusaron los invasores en su defensa; sino que son m\u00e1s de 450 pobladores que se ver\u00edan agraviados con los &#8220;paracaidistas&#8221; de la agrupaci\u00f3n.<\/p>\n\n\n\n<p>&#8220;Hay 50 que pueden encontrar ac\u00e1, pero hay 450 que es gente muy pobre, que es gente que no sabe leer ni escribir, es gente que ha estado all\u00e1 y que es gente que ha estado m\u00e1s a\u00f1os viviendo esas tierras y se amenaza su patrimonio&#8221;, acus\u00f3.<\/p>\n\n\n\n<p>Cabe recordar que la Juez Karina Ju\u00e1rez Benavides, Titular del Juzgado Primero de Distrito en el Estado de Veracruz, emiti\u00f3 la suspensi\u00f3n definitiva contra el procedimiento de enajenaci\u00f3n del predio por parte de la Secretar\u00eda de Desarrollo Agrario, Territorial y Urbano (Sedatu) a favor de invasores de la Central Independiente de Obreros Agr\u00edcolas Campesinos.<\/p>\n\n\n\n<p>Finalmente se\u00f1al\u00f3 que la juez hall\u00f3 que el procedimiento viola la Norma Oficial Mexicana NOM-059-SEMARNAT-2010 sobre &#8220;Protecci\u00f3n ambiental-Especies nativas de M\u00e9xico de flora y fauna silvestres-Categor\u00edas de riesgo y especificaciones para su inclusi\u00f3n, exclusi\u00f3n o cambio-lista de especies en riesgo&#8221;.<\/p>\n\n\n\n<figure class=\"wp-block-image size-large\"><img loading=\"lazy\" decoding=\"async\" width=\"1024\" height=\"682\" src=\"https:\/\/encuentroinformativo.com.mx\/wp-content\/uploads\/2020\/10\/F3F1F098-8653-4ED7-BF8C-17D57A737D33-1024x682.jpeg\" alt=\"\" class=\"wp-image-6762\" srcset=\"https:\/\/encuentroinformativo.com.mx\/wp-content\/uploads\/2020\/10\/F3F1F098-8653-4ED7-BF8C-17D57A737D33-1024x682.jpeg 1024w, https:\/\/encuentroinformativo.com.mx\/wp-content\/uploads\/2020\/10\/F3F1F098-8653-4ED7-BF8C-17D57A737D33-300x200.jpeg 300w, https:\/\/encuentroinformativo.com.mx\/wp-content\/uploads\/2020\/10\/F3F1F098-8653-4ED7-BF8C-17D57A737D33-768x512.jpeg 768w, https:\/\/encuentroinformativo.com.mx\/wp-content\/uploads\/2020\/10\/F3F1F098-8653-4ED7-BF8C-17D57A737D33.jpeg 1280w\" sizes=\"auto, (max-width: 1024px) 100vw, 1024px\" \/><\/figure>\n","protected":false},"excerpt":{"rendered":"<p>Dar\u00edo Pale Xalapa, Ver.- El ciudadano Rodrigo Cervantes, presente en la manifestaci\u00f3n, frente al palacio municipal de Coatepec se\u00f1al\u00f3 que\u00a0&#8220;Defendamos los bosques y el agua de Coatepec&#8221;, es lo que est\u00e1n convocando los habitantes de dicho Pueblo M\u00e1gico con una protesta en el parque Hidalgo. Entrevistado durante la manifestaci\u00f3n donde ciudadanos protestaron en el Parque [&hellip;]<\/p>\n","protected":false},"author":1,"featured_media":6761,"comment_status":"open","ping_status":"open","sticky":false,"template":"","format":"standard","meta":{"_jetpack_memberships_contains_paid_content":false,"footnotes":""},"categories":[8],"tags":[],"class_list":["post-6760","post","type-post","status-publish","format-standard","has-post-thumbnail","hentry","category-region"],"jetpack_featured_media_url":"https:\/\/encuentroinformativo.com.mx\/wp-content\/uploads\/2020\/10\/3AED282A-1F97-44A6-80E6-CF48EE1A3F41.jpeg","jetpack_sharing_enabled":true,"jetpack_likes_enabled":true,"amp_enabled":true,"_links":{"self":[{"href":"https:\/\/encuentroinformativo.com.mx\/index.php?rest_route=\/wp\/v2\/posts\/6760","targetHints":{"allow":["GET"]}}],"collection":[{"href":"https:\/\/encuentroinformativo.com.mx\/index.php?rest_route=\/wp\/v2\/posts"}],"about":[{"href":"https:\/\/encuentroinformativo.com.mx\/index.php?rest_route=\/wp\/v2\/types\/post"}],"author":[{"embeddable":true,"href":"https:\/\/encuentroinformativo.com.mx\/index.php?rest_route=\/wp\/v2\/users\/1"}],"replies":[{"embeddable":true,"href":"https:\/\/encuentroinformativo.com.mx\/index.php?rest_route=%2Fwp%2Fv2%2Fcomments&post=6760"}],"version-history":[{"count":1,"href":"https:\/\/encuentroinformativo.com.mx\/index.php?rest_route=\/wp\/v2\/posts\/6760\/revisions"}],"predecessor-version":[{"id":6763,"href":"https:\/\/encuentroinformativo.com.mx\/index.php?rest_route=\/wp\/v2\/posts\/6760\/revisions\/6763"}],"wp:featuredmedia":[{"embeddable":true,"href":"https:\/\/encuentroinformativo.com.mx\/index.php?rest_route=\/wp\/v2\/media\/6761"}],"wp:attachment":[{"href":"https:\/\/encuentroinformativo.com.mx\/index.php?rest_route=%2Fwp%2Fv2%2Fmedia&parent=6760"}],"wp:term":[{"taxonomy":"category","embeddable":true,"href":"https:\/\/encuentroinformativo.com.mx\/index.php?rest_route=%2Fwp%2Fv2%2Fcategories&post=6760"},{"taxonomy":"post_tag","embeddable":true,"href":"https:\/\/encuentroinformativo.com.mx\/index.php?rest_route=%2Fwp%2Fv2%2Ftags&post=6760"}],"curies":[{"name":"wp","href":"https:\/\/api.w.org\/{rel}","templated":true}]}}