{"id":67615,"date":"2025-05-26T12:25:21","date_gmt":"2025-05-26T18:25:21","guid":{"rendered":"https:\/\/encuentroinformativo.com.mx\/?p=67615"},"modified":"2025-05-26T12:25:21","modified_gmt":"2025-05-26T18:25:21","slug":"planilla-del-verde-que-le-dio-la-espalda-a-bertha-ahued-son-traicioneros-javier-herrera","status":"publish","type":"post","link":"https:\/\/encuentroinformativo.com.mx\/?p=67615","title":{"rendered":"Planilla del Verde que le dio la espalda a Bertha Ahued son traicioneros: Javier Herrera"},"content":{"rendered":"<p><strong>Alejandro \u00c1vila<\/strong><\/p>\n<p>Boca del R\u00edo, Ver.- Javier Herrera Borunda, Secretario de Organizaci\u00f3n del CEN del Partido Verde Ecologista de M\u00e9xico (PVEM) mostr\u00f3 su total respaldo a la candidatura de Bertha Ahued Malpica.<\/p>\n<p>El tambi\u00e9n diputado federal, public\u00f3 una imagen con la candidata de Morena y PVEM a la alcald\u00eda de Boca del R\u00edo en donde le deja claro su respaldo.<\/p>\n<p>\u201cTienes todo mi apoyo y el del Verde, Bertha Ahued\u201d escribi\u00f3 en sus redes Javier Herrera.<\/p>\n<p>De igual manera critic\u00f3 a los candidatos a regidores del PVEM que decidieron sumarse a la campa\u00f1a de Maryjose Gamboa al llamarlas \u201ctraicioneros\u201d.<\/p>\n<p>\u201cReprobables la falta de congruencia y la traici\u00f3n de personas que denigran a la pol\u00edtica us\u00e1ndola como negocio y no con el fin de hacer un bien a la sociedad\u201d.<\/p>\n<p>Por su parte Mariano Molina, candidato del Partido del Trabajo declin\u00f3 su candidatura y se sum\u00f3 al proyecto de Bertha Ahued Malpica en una conferencia de prensa ofrecida este lunes.<\/p>\n","protected":false},"excerpt":{"rendered":"<p>Alejandro \u00c1vila Boca del R\u00edo, Ver.- Javier Herrera Borunda, Secretario de Organizaci\u00f3n del CEN del Partido Verde Ecologista de M\u00e9xico (PVEM) mostr\u00f3 su total respaldo a la candidatura de Bertha Ahued Malpica. El tambi\u00e9n diputado federal, public\u00f3 una imagen con la candidata de Morena y PVEM a la alcald\u00eda de Boca del R\u00edo en donde [&hellip;]<\/p>\n","protected":false},"author":2476,"featured_media":67616,"comment_status":"open","ping_status":"open","sticky":false,"template":"","format":"standard","meta":{"_jetpack_memberships_contains_paid_content":false,"footnotes":""},"categories":[2],"tags":[],"class_list":["post-67615","post","type-post","status-publish","format-standard","has-post-thumbnail","hentry","category-estado"],"jetpack_featured_media_url":"https:\/\/encuentroinformativo.com.mx\/wp-content\/uploads\/2025\/05\/IMG-20250526-WA01202.jpg","jetpack_sharing_enabled":true,"jetpack_likes_enabled":true,"amp_enabled":true,"_links":{"self":[{"href":"https:\/\/encuentroinformativo.com.mx\/index.php?rest_route=\/wp\/v2\/posts\/67615","targetHints":{"allow":["GET"]}}],"collection":[{"href":"https:\/\/encuentroinformativo.com.mx\/index.php?rest_route=\/wp\/v2\/posts"}],"about":[{"href":"https:\/\/encuentroinformativo.com.mx\/index.php?rest_route=\/wp\/v2\/types\/post"}],"author":[{"embeddable":true,"href":"https:\/\/encuentroinformativo.com.mx\/index.php?rest_route=\/wp\/v2\/users\/2476"}],"replies":[{"embeddable":true,"href":"https:\/\/encuentroinformativo.com.mx\/index.php?rest_route=%2Fwp%2Fv2%2Fcomments&post=67615"}],"version-history":[{"count":1,"href":"https:\/\/encuentroinformativo.com.mx\/index.php?rest_route=\/wp\/v2\/posts\/67615\/revisions"}],"predecessor-version":[{"id":67617,"href":"https:\/\/encuentroinformativo.com.mx\/index.php?rest_route=\/wp\/v2\/posts\/67615\/revisions\/67617"}],"wp:featuredmedia":[{"embeddable":true,"href":"https:\/\/encuentroinformativo.com.mx\/index.php?rest_route=\/wp\/v2\/media\/67616"}],"wp:attachment":[{"href":"https:\/\/encuentroinformativo.com.mx\/index.php?rest_route=%2Fwp%2Fv2%2Fmedia&parent=67615"}],"wp:term":[{"taxonomy":"category","embeddable":true,"href":"https:\/\/encuentroinformativo.com.mx\/index.php?rest_route=%2Fwp%2Fv2%2Fcategories&post=67615"},{"taxonomy":"post_tag","embeddable":true,"href":"https:\/\/encuentroinformativo.com.mx\/index.php?rest_route=%2Fwp%2Fv2%2Ftags&post=67615"}],"curies":[{"name":"wp","href":"https:\/\/api.w.org\/{rel}","templated":true}]}}