{"id":67618,"date":"2025-05-26T13:39:54","date_gmt":"2025-05-26T19:39:54","guid":{"rendered":"https:\/\/encuentroinformativo.com.mx\/?p=67618"},"modified":"2025-05-26T13:39:54","modified_gmt":"2025-05-26T19:39:54","slug":"candidato-de-mc-de-deslinda-de-hechos-violentos-en-jilotepec","status":"publish","type":"post","link":"https:\/\/encuentroinformativo.com.mx\/?p=67618","title":{"rendered":"Candidato de MC de deslinda de hechos violentos en Jilotepec"},"content":{"rendered":"<p><strong>Dar\u00edo Pale<\/strong><\/p>\n<p>Xalapa, Ver.- Jos\u00e9 Roberto Marcelo Cort\u00e9s, candidato de Movimiento Ciudadano a la presidencia en el municipio de Jilotepec, se deslind\u00f3 de los da\u00f1os que sufrieron los veh\u00edculos y material electoral del candidato de Morena.<\/p>\n<p>En conferencia de prensa se\u00f1al\u00f3 que en diferentes medios de comunicaci\u00f3n se dio a conocer que su gente hab\u00eda incendiado una camioneta y dem\u00e1s material donde no es la casa de campa\u00f1a del candidato de Morena Francisco Clemente.<\/p>\n<p>\u201cF\u00edjense que desde las 4 de la ma\u00f1ana, pues recib\u00ed diversas llamadas, inform\u00e1ndome de unos sucesos afuera del pueblo, afuera de Jilotepec, donde bueno, no es la casa de campa\u00f1a, repito, no es la casa de campa\u00f1a del candidato, ellos mismos en la nota dicen que es una bodega, un inmueble que ubicaban ellos o que ocupaban ellos, pues como eso, como bodega, me informaban que hab\u00eda habido por ah\u00ed un incendio\u201d, se\u00f1al\u00f3.<\/p>\n<p>\u201cPues dice que en un acto en contra de, y se los vamos a ir a pasar la informaci\u00f3n, tergiversan, dicen que yo soy candidato de Morena y el candidato de Morena invierte en los nombres, es decir, entonces la nota ya la han modificado varias veces el mismo medio y de primera me se\u00f1ala como responsable, sin ning\u00fan medio de prueba, siendo conscientes de la verdad de lo que haya sucedido\u201d, agreg\u00f3.<\/p>\n<p>Por lo anterior solicit\u00f3 que el partido a nivel municipal y estatal se posicione en cuanto a estas notas period\u00edsticas en estos medios digitales, porque nada tienen que ver ya que en Jilotepec son el \u00fanico proyecto honesto que est\u00e1 convenciendo a la mayor\u00eda de la gente.<\/p>\n<p>\u201cEntonces, bueno, nosotros s\u00ed queremos que se investigue, inclusive, bueno, vamos a presentar el video, tenemos un video que grabaron los mismos vecinos, ahorita se los vamos a compartir, donde tres personas de sexo al parecer masculino salen del lugar y este regresan a un veh\u00edculo de color blanco\u201d, coment\u00f3.<\/p>\n<p>\u201cEn esa, en esa bodega que se encuentra, este, arribita del telebachillerato, en la carretera Jilotepec-Misantla, digamos, o Misantla-Coacoatzintla, est\u00e1 esa bodega que dicen, bajando a mano izquierda, pues dicen que ah\u00ed hacen muchas fiestas, que este, hasta altas horas de la noche, y era el caso ayer, y ya despu\u00e9s, bueno, pues aparece este veh\u00edculo quemado\u201d, inform\u00f3.<\/p>\n<p>Dijo que esperan que no haya m\u00e1s violencia en su municipio, por lo que solicitan el respaldo de la gobernadora Rocio Nahle Garc\u00eda, ya que esto no puede suceder en ning\u00fan otro municipio del estado.<\/p>\n<p>Finalmente se\u00f1al\u00f3, \u201cnosotros nos deslindamos totalmente, somos gente de paz, gente responsable, inclusive aqu\u00ed un compa\u00f1ero ya sufri\u00f3 un atentado, aqu\u00ed est\u00e1 a mi lado Jos\u00e9 Antonio Olivares, que ya tambi\u00e9n hay una carpeta de investigaci\u00f3n, y despu\u00e9s de esto vamos a ir a interponer una denuncia por las declaraciones del medio informativo\u201d.<\/p>\n","protected":false},"excerpt":{"rendered":"<p>Dar\u00edo Pale Xalapa, Ver.- Jos\u00e9 Roberto Marcelo Cort\u00e9s, candidato de Movimiento Ciudadano a la presidencia en el municipio de Jilotepec, se deslind\u00f3 de los da\u00f1os que sufrieron los veh\u00edculos y material electoral del candidato de Morena. En conferencia de prensa se\u00f1al\u00f3 que en diferentes medios de comunicaci\u00f3n se dio a conocer que su gente hab\u00eda [&hellip;]<\/p>\n","protected":false},"author":2476,"featured_media":67619,"comment_status":"open","ping_status":"open","sticky":false,"template":"","format":"standard","meta":{"_jetpack_memberships_contains_paid_content":false,"footnotes":""},"categories":[8],"tags":[],"class_list":["post-67618","post","type-post","status-publish","format-standard","has-post-thumbnail","hentry","category-region"],"jetpack_featured_media_url":"https:\/\/encuentroinformativo.com.mx\/wp-content\/uploads\/2025\/05\/IMG-20250526-WA0141.jpg","jetpack_sharing_enabled":true,"jetpack_likes_enabled":true,"amp_enabled":true,"_links":{"self":[{"href":"https:\/\/encuentroinformativo.com.mx\/index.php?rest_route=\/wp\/v2\/posts\/67618","targetHints":{"allow":["GET"]}}],"collection":[{"href":"https:\/\/encuentroinformativo.com.mx\/index.php?rest_route=\/wp\/v2\/posts"}],"about":[{"href":"https:\/\/encuentroinformativo.com.mx\/index.php?rest_route=\/wp\/v2\/types\/post"}],"author":[{"embeddable":true,"href":"https:\/\/encuentroinformativo.com.mx\/index.php?rest_route=\/wp\/v2\/users\/2476"}],"replies":[{"embeddable":true,"href":"https:\/\/encuentroinformativo.com.mx\/index.php?rest_route=%2Fwp%2Fv2%2Fcomments&post=67618"}],"version-history":[{"count":1,"href":"https:\/\/encuentroinformativo.com.mx\/index.php?rest_route=\/wp\/v2\/posts\/67618\/revisions"}],"predecessor-version":[{"id":67620,"href":"https:\/\/encuentroinformativo.com.mx\/index.php?rest_route=\/wp\/v2\/posts\/67618\/revisions\/67620"}],"wp:featuredmedia":[{"embeddable":true,"href":"https:\/\/encuentroinformativo.com.mx\/index.php?rest_route=\/wp\/v2\/media\/67619"}],"wp:attachment":[{"href":"https:\/\/encuentroinformativo.com.mx\/index.php?rest_route=%2Fwp%2Fv2%2Fmedia&parent=67618"}],"wp:term":[{"taxonomy":"category","embeddable":true,"href":"https:\/\/encuentroinformativo.com.mx\/index.php?rest_route=%2Fwp%2Fv2%2Fcategories&post=67618"},{"taxonomy":"post_tag","embeddable":true,"href":"https:\/\/encuentroinformativo.com.mx\/index.php?rest_route=%2Fwp%2Fv2%2Ftags&post=67618"}],"curies":[{"name":"wp","href":"https:\/\/api.w.org\/{rel}","templated":true}]}}