{"id":67628,"date":"2025-05-26T17:55:04","date_gmt":"2025-05-26T23:55:04","guid":{"rendered":"https:\/\/encuentroinformativo.com.mx\/?p=67628"},"modified":"2025-05-26T17:57:59","modified_gmt":"2025-05-26T23:57:59","slug":"acusan-a-candidato-priista-de-hostigar-a-periodista-en-rodriguez-clara","status":"publish","type":"post","link":"https:\/\/encuentroinformativo.com.mx\/?p=67628","title":{"rendered":"Acusan a candidato pri\u00edsta de hostigar a periodista en Rodr\u00edguez Clara\u00a0"},"content":{"rendered":"<p><strong>Alejandro \u00c1vila<\/strong><\/p>\n<p>Juan Rodr\u00edguez Clara, Ver.- El periodista Ignacio Carvajal, reconocido por su labor en la cobertura de temas relacionados con la violencia y la delincuencia organizada en el sur de Veracruz, denunci\u00f3 p\u00fablicamente al candidato del PRI en Juan Rodr\u00edguez Clara, V\u00edctor De Jes\u00fas Reyes N\u00e1jera, por actos de hostigamiento, censura y omisi\u00f3n ante amenazas emitidas en su contra.<\/p>\n<p>De acuerdo con lo difundido por Nacho Carvajal en sus redes sociales, el aspirante priista habr\u00eda instruido a un grupo de operadores pol\u00edticos cercanos a reportar masivamente su p\u00e1gina de Facebook por medio de la cual difunde informaci\u00f3n, con el fin de provocar su cierre y silenciar su trabajo period\u00edstico.<\/p>\n<p>En capturas de pantalla compartidas por el comunicador, se observa la participaci\u00f3n directa de N\u00e1jera en dicha estrategia.<\/p>\n<p>\u201c\u00bfPor qu\u00e9 quiere N\u00e1jera fuera de circulaci\u00f3n mi p\u00e1gina?\u201d, cuestiona el periodista, al considerar que su medio ha sido uno de los pocos espacios en los que se han documentado los estragos de la violencia en esa regi\u00f3n del estado.<\/p>\n<p>M\u00e1s grave a\u00fan, en el mismo grupo de mensajer\u00eda al que hace referencia Carvajal, uno de los seguidores del candidato lleg\u00f3 a sugerir que \u201cle mochen la lengua y lo metan a la c\u00e1rcel\u201d, sin que N\u00e1jera interviniera o reprobara la amenaza. \u201cNo lo llamas a la cordura, no te muestras como el l\u00edder que deber\u00edas ser\u201d, reclam\u00f3 el periodista, a\u00f1adiendo que, al d\u00eda siguiente, el propio candidato present\u00f3 una denuncia formal en su contra ante la Fiscal\u00eda en Isla.<\/p>\n<p>Carvajal advirti\u00f3 sobre la gravedad de este tipo de acciones, no s\u00f3lo por constituir un atentado contra la libertad de expresi\u00f3n, sino por el peligro real que representan para su integridad f\u00edsica y su ejercicio profesional.<\/p>\n<p>Esto pasa en Juan Rodr\u00edguez Clara, donde la semana pasada la candidata de MC, Xochilt Tress fue atacada a balazos por presuntos integrantes de la delincuencia que buscaban quitarla de la contienda electoral en donde ella tambi\u00e9n enfrenta a N\u00e1jera y al aspirante de Morena, Irineo Maule\u00f3n; en ese atentado pierde la vida de un balazo la que era jefa de prensa de la aspirante de MC, Avisack Douglas, crimen que sigue impune.<\/p>\n<p>Organizaciones de derechos humanos y de protecci\u00f3n a periodistas podr\u00edan ser llamadas a pronunciarse en los pr\u00f3ximos d\u00edas, en un contexto donde la prensa en M\u00e9xico contin\u00faa siendo objeto de amenazas, agresiones y asesinatos con alarmante frecuencia y donde Veracruz es uno de los estados donde m\u00e1s violencia se genera en contra de los periodistas.<\/p>\n<p>Hasta el momento, el candidato del PRI no ha emitido una declaraci\u00f3n p\u00fablica respecto a estas acusaciones que representan un grave peligro a la integridad del periodista quien es de los pocos que se atreven a se\u00f1alar personajes relacionados con hechos delincuenciales, muchos de los cuales contin\u00faan realizando fechor\u00edas con la complacencia de las autoridades estatales y federales.<\/p>\n","protected":false},"excerpt":{"rendered":"<p>Alejandro \u00c1vila Juan Rodr\u00edguez Clara, Ver.- El periodista Ignacio Carvajal, reconocido por su labor en la cobertura de temas relacionados con la violencia y la delincuencia organizada en el sur de Veracruz, denunci\u00f3 p\u00fablicamente al candidato del PRI en Juan Rodr\u00edguez Clara, V\u00edctor De Jes\u00fas Reyes N\u00e1jera, por actos de hostigamiento, censura y omisi\u00f3n ante [&hellip;]<\/p>\n","protected":false},"author":2476,"featured_media":67632,"comment_status":"open","ping_status":"open","sticky":false,"template":"","format":"standard","meta":{"_jetpack_memberships_contains_paid_content":false,"footnotes":""},"categories":[2],"tags":[],"class_list":["post-67628","post","type-post","status-publish","format-standard","has-post-thumbnail","hentry","category-estado"],"jetpack_featured_media_url":"https:\/\/encuentroinformativo.com.mx\/wp-content\/uploads\/2025\/05\/Point-Blur_May262025_175649.jpg","jetpack_sharing_enabled":true,"jetpack_likes_enabled":true,"amp_enabled":true,"_links":{"self":[{"href":"https:\/\/encuentroinformativo.com.mx\/index.php?rest_route=\/wp\/v2\/posts\/67628","targetHints":{"allow":["GET"]}}],"collection":[{"href":"https:\/\/encuentroinformativo.com.mx\/index.php?rest_route=\/wp\/v2\/posts"}],"about":[{"href":"https:\/\/encuentroinformativo.com.mx\/index.php?rest_route=\/wp\/v2\/types\/post"}],"author":[{"embeddable":true,"href":"https:\/\/encuentroinformativo.com.mx\/index.php?rest_route=\/wp\/v2\/users\/2476"}],"replies":[{"embeddable":true,"href":"https:\/\/encuentroinformativo.com.mx\/index.php?rest_route=%2Fwp%2Fv2%2Fcomments&post=67628"}],"version-history":[{"count":1,"href":"https:\/\/encuentroinformativo.com.mx\/index.php?rest_route=\/wp\/v2\/posts\/67628\/revisions"}],"predecessor-version":[{"id":67630,"href":"https:\/\/encuentroinformativo.com.mx\/index.php?rest_route=\/wp\/v2\/posts\/67628\/revisions\/67630"}],"wp:featuredmedia":[{"embeddable":true,"href":"https:\/\/encuentroinformativo.com.mx\/index.php?rest_route=\/wp\/v2\/media\/67632"}],"wp:attachment":[{"href":"https:\/\/encuentroinformativo.com.mx\/index.php?rest_route=%2Fwp%2Fv2%2Fmedia&parent=67628"}],"wp:term":[{"taxonomy":"category","embeddable":true,"href":"https:\/\/encuentroinformativo.com.mx\/index.php?rest_route=%2Fwp%2Fv2%2Fcategories&post=67628"},{"taxonomy":"post_tag","embeddable":true,"href":"https:\/\/encuentroinformativo.com.mx\/index.php?rest_route=%2Fwp%2Fv2%2Ftags&post=67628"}],"curies":[{"name":"wp","href":"https:\/\/api.w.org\/{rel}","templated":true}]}}