{"id":67645,"date":"2025-05-27T11:22:24","date_gmt":"2025-05-27T17:22:24","guid":{"rendered":"https:\/\/encuentroinformativo.com.mx\/?p=67645"},"modified":"2025-05-27T11:22:24","modified_gmt":"2025-05-27T17:22:24","slug":"respaldan-senadores-y-diputados-federales-a-maleno-rosales","status":"publish","type":"post","link":"https:\/\/encuentroinformativo.com.mx\/?p=67645","title":{"rendered":"Respaldan Senadores y diputados federales a Maleno Rosales\u00a0"},"content":{"rendered":"<p><strong>Alejandro \u00c1vila<\/strong><\/p>\n<p>Medell\u00edn de Bravo, Ver.- En los \u00faltimos d\u00edas de campa\u00f1a, el candidato a la alcald\u00eda de Medell\u00edn de Bravo, Magdaleno Rosales Torres recibi\u00f3 la visita y el respaldo de Senadores y Diputados Federales del Partido del Trabajo.<\/p>\n<p>La zacatecana Geovanna Ba\u00f1uelos, coordinadora del Grupo Parlamentario del PT en el Senado; estuvo presente en su pre cierre de campa\u00f1a el pasado domingo en la localidad del Tejar, donde Maleno puso a bailar a todos los medellinenses, que disfrutaron la m\u00fasica de los Sabrositos del Ritmo y a Mario Mazza.<\/p>\n<p>En los recorridos estuvo acompa\u00f1ada de Nora Escamilla Bravo, diputada federal de Puebla; as\u00ed como Rosalinda Le\u00f3n Rosas, Jos\u00e9 Gloria L\u00f3pez &#8220;Chito&#8221;, diputados federales de Aguascalientes y Nuevo Le\u00f3n, respectivamente; adem\u00e1s del Comisionado Pol\u00edtico del PT en Aguascaliente, H\u00e9ctor Quiroz Garc\u00eda.<\/p>\n<p>&#8220;Tenemos respaldo y el compromiso de las y los legisladores del Partido del Trabajo, se comprometieron a ayudarnos a m\u00ednimo duplicar el presupuesto de Medell\u00edn, gestionando recursos de la Federaci\u00f3n e iniciar las Platas de Tratamientos y drenajes que se necesitan con urgencia&#8221;, manifest\u00f3 Magdaleno Rosales Torres.<\/p>\n","protected":false},"excerpt":{"rendered":"<p>Alejandro \u00c1vila Medell\u00edn de Bravo, Ver.- En los \u00faltimos d\u00edas de campa\u00f1a, el candidato a la alcald\u00eda de Medell\u00edn de Bravo, Magdaleno Rosales Torres recibi\u00f3 la visita y el respaldo de Senadores y Diputados Federales del Partido del Trabajo. La zacatecana Geovanna Ba\u00f1uelos, coordinadora del Grupo Parlamentario del PT en el Senado; estuvo presente en [&hellip;]<\/p>\n","protected":false},"author":2476,"featured_media":67646,"comment_status":"open","ping_status":"open","sticky":false,"template":"","format":"standard","meta":{"_jetpack_memberships_contains_paid_content":false,"footnotes":""},"categories":[2],"tags":[],"class_list":["post-67645","post","type-post","status-publish","format-standard","has-post-thumbnail","hentry","category-estado"],"jetpack_featured_media_url":"https:\/\/encuentroinformativo.com.mx\/wp-content\/uploads\/2025\/05\/IMG-20250527-WA0033.jpg","jetpack_sharing_enabled":true,"jetpack_likes_enabled":true,"amp_enabled":true,"_links":{"self":[{"href":"https:\/\/encuentroinformativo.com.mx\/index.php?rest_route=\/wp\/v2\/posts\/67645","targetHints":{"allow":["GET"]}}],"collection":[{"href":"https:\/\/encuentroinformativo.com.mx\/index.php?rest_route=\/wp\/v2\/posts"}],"about":[{"href":"https:\/\/encuentroinformativo.com.mx\/index.php?rest_route=\/wp\/v2\/types\/post"}],"author":[{"embeddable":true,"href":"https:\/\/encuentroinformativo.com.mx\/index.php?rest_route=\/wp\/v2\/users\/2476"}],"replies":[{"embeddable":true,"href":"https:\/\/encuentroinformativo.com.mx\/index.php?rest_route=%2Fwp%2Fv2%2Fcomments&post=67645"}],"version-history":[{"count":1,"href":"https:\/\/encuentroinformativo.com.mx\/index.php?rest_route=\/wp\/v2\/posts\/67645\/revisions"}],"predecessor-version":[{"id":67647,"href":"https:\/\/encuentroinformativo.com.mx\/index.php?rest_route=\/wp\/v2\/posts\/67645\/revisions\/67647"}],"wp:featuredmedia":[{"embeddable":true,"href":"https:\/\/encuentroinformativo.com.mx\/index.php?rest_route=\/wp\/v2\/media\/67646"}],"wp:attachment":[{"href":"https:\/\/encuentroinformativo.com.mx\/index.php?rest_route=%2Fwp%2Fv2%2Fmedia&parent=67645"}],"wp:term":[{"taxonomy":"category","embeddable":true,"href":"https:\/\/encuentroinformativo.com.mx\/index.php?rest_route=%2Fwp%2Fv2%2Fcategories&post=67645"},{"taxonomy":"post_tag","embeddable":true,"href":"https:\/\/encuentroinformativo.com.mx\/index.php?rest_route=%2Fwp%2Fv2%2Ftags&post=67645"}],"curies":[{"name":"wp","href":"https:\/\/api.w.org\/{rel}","templated":true}]}}