{"id":67648,"date":"2025-05-27T12:34:57","date_gmt":"2025-05-27T18:34:57","guid":{"rendered":"https:\/\/encuentroinformativo.com.mx\/?p=67648"},"modified":"2025-05-27T12:34:57","modified_gmt":"2025-05-27T18:34:57","slug":"pide-movimiento-magisterial-dar-continuidad-a-mesas-de-dialogo","status":"publish","type":"post","link":"https:\/\/encuentroinformativo.com.mx\/?p=67648","title":{"rendered":"Pide Movimiento Magisterial dar continuidad a mesas de di\u00e1logo"},"content":{"rendered":"<p><strong>Dar\u00edo Pale<\/strong><\/p>\n<p>Xalapa, Ver.- El Profesor Galdino Diego P\u00e9rez, miembro de la Coordinaci\u00f3n Pol\u00edtica del Movimiento Democr\u00e1tico Magisterial Veracruzano, dio a conocer que quieren continuar con las mesas de di\u00e1logo para continuar con los trabajos que quedaron pendientes.<\/p>\n<p>Entrevistado durante la manifestaci\u00f3n dio a conocer que tienen pendiente una mesa de trabajo con el Gobierno del Estado, ya que la \u00faltima vez les solicitaron que dejaran pasar los primeros cien d\u00edas de gobierno de la gobernadora Norma Roc\u00edo Nahle Garc\u00eda.<\/p>\n<p>\u201cNosotros gentilmente aceptamos esta propuesta y en ese sentido pasaron los 100 d\u00edas, estuvimos llamando a quienes nos pidieron que nos comunic\u00e1ramos, no hubo mayor respuesta, nos dijeron que nos esper\u00e1ramos, esperamos prudentemente, mandamos posteriormente un oficio ya de manera formal para hacerles llegar nuestra petici\u00f3n de reabrir la mesa de negociaci\u00f3n y hasta la fecha no nos han vuelto a responder\u201d, se\u00f1al\u00f3.<\/p>\n<p>Por lo anterior viendo lo que est\u00e1 sucediendo en su nivel de educaci\u00f3n ind\u00edgena decidieron venir directamente, \u201cvamos a tocar la puerta del gobierno del estado de Palacio para que se reabra esta mesa y es lo que estamos haciendo\u201d.<\/p>\n<p>Vienen llegando de las diferentes regiones del estado, del sur, del centro y del norte, son docentes, algunos secretarios generales, algunos directivos, es para que les den la oportunidad de continuar con esa mesa de trabajo.<\/p>\n<p>\u201cEn Veracruz somos 6 mil 222 trabajadores de la educaci\u00f3n, del nivel de educaci\u00f3n ind\u00edgena<br \/>\nde las 12 regiones del estado de Veracruz, de las 12 lenguas que tenemos aqu\u00ed en el estado<br \/>\ny por supuesto hay temas muy fuertes para nosotros que tienen que ver con lo que es la calidad educativa, no tenemos todav\u00eda una estructura org\u00e1nica administrativa resuelta\u201d, se\u00f1al\u00f3.<\/p>\n<p>\u201cEstamos teniendo problemas tambi\u00e9n con la necesidad de compa\u00f1eras y compa\u00f1eros en los centros de trabajo se requiere atender el nivel educativo y nosotros hemos planteado pues que tiene que dirigirlo un compa\u00f1ero o compa\u00f1era que conozca el nivel, que conozca la problem\u00e1tica, que sepa que es los problemas que tenemos y de esa manera pueda plantear pues las soluciones al mismo\u201d, agreg\u00f3.<\/p>\n<p>Dijo que actualmente nombraron a una maestra con la cual no tienen nada personal en su contra porque es una maestra, pero no es de su nivel educativo sin embargo ese no es el problema, \u201cel problema m\u00e1s de fondo tiene que ver con que a la compa\u00f1era se le se\u00f1al\u00f3 por actos de corrupci\u00f3n y fue cesada por la propia Secretar\u00eda de Educaci\u00f3n P\u00fablica y ahora nos la nombran como directora de educaci\u00f3n del nivel de educaci\u00f3n ind\u00edgena entonces nosotros decimos, no podemos nosotros trabajar con un ejemplo de esa naturaleza\u201d.<\/p>\n<p>La actual directora de educaci\u00f3n indigena es Nidia Karil\u00fa, por lo que ellos solicitaron al gobierno que ellos mismos hicieran un proceso para que propusieran a alguien que tenga un nivel educativo ind\u00edgena la calidad moral, la preparaci\u00f3n del perfil profesional que se requiere, que como bien se dice que hablen algunas de nuestras lenguas, pues son varias en el Estado.<\/p>\n<p>Finalmente comentaron que, \u201cnosotros no estamos enfrentados con el gobierno, lo debemos decir claro, queremos ayudar, queremos coadyuvar, queremos que se hagan las cosas bien, queremos que las cosas transiten correctamente y que realmente el sistema educativo se convierta en ese eje transformador del Estado de Veracruz\u201d.<\/p>\n<p><img loading=\"lazy\" decoding=\"async\" class=\"aligncenter size-medium wp-image-67650\" src=\"https:\/\/encuentroinformativo.com.mx\/wp-content\/uploads\/2025\/05\/IMG-20250527-WA00691-300x225.jpg\" alt=\"\" width=\"300\" height=\"225\" srcset=\"https:\/\/encuentroinformativo.com.mx\/wp-content\/uploads\/2025\/05\/IMG-20250527-WA00691-300x225.jpg 300w, https:\/\/encuentroinformativo.com.mx\/wp-content\/uploads\/2025\/05\/IMG-20250527-WA00691-1024x768.jpg 1024w, https:\/\/encuentroinformativo.com.mx\/wp-content\/uploads\/2025\/05\/IMG-20250527-WA00691-768x576.jpg 768w, https:\/\/encuentroinformativo.com.mx\/wp-content\/uploads\/2025\/05\/IMG-20250527-WA00691.jpg 1280w\" sizes=\"auto, (max-width: 300px) 100vw, 300px\" \/><\/p>\n","protected":false},"excerpt":{"rendered":"<p>Dar\u00edo Pale Xalapa, Ver.- El Profesor Galdino Diego P\u00e9rez, miembro de la Coordinaci\u00f3n Pol\u00edtica del Movimiento Democr\u00e1tico Magisterial Veracruzano, dio a conocer que quieren continuar con las mesas de di\u00e1logo para continuar con los trabajos que quedaron pendientes. Entrevistado durante la manifestaci\u00f3n dio a conocer que tienen pendiente una mesa de trabajo con el Gobierno [&hellip;]<\/p>\n","protected":false},"author":2476,"featured_media":67649,"comment_status":"open","ping_status":"open","sticky":false,"template":"","format":"standard","meta":{"_jetpack_memberships_contains_paid_content":false,"footnotes":""},"categories":[3],"tags":[],"class_list":["post-67648","post","type-post","status-publish","format-standard","has-post-thumbnail","hentry","category-xalapa"],"jetpack_featured_media_url":"https:\/\/encuentroinformativo.com.mx\/wp-content\/uploads\/2025\/05\/IMG-20250527-WA0074.jpg","jetpack_sharing_enabled":true,"jetpack_likes_enabled":true,"amp_enabled":true,"_links":{"self":[{"href":"https:\/\/encuentroinformativo.com.mx\/index.php?rest_route=\/wp\/v2\/posts\/67648","targetHints":{"allow":["GET"]}}],"collection":[{"href":"https:\/\/encuentroinformativo.com.mx\/index.php?rest_route=\/wp\/v2\/posts"}],"about":[{"href":"https:\/\/encuentroinformativo.com.mx\/index.php?rest_route=\/wp\/v2\/types\/post"}],"author":[{"embeddable":true,"href":"https:\/\/encuentroinformativo.com.mx\/index.php?rest_route=\/wp\/v2\/users\/2476"}],"replies":[{"embeddable":true,"href":"https:\/\/encuentroinformativo.com.mx\/index.php?rest_route=%2Fwp%2Fv2%2Fcomments&post=67648"}],"version-history":[{"count":1,"href":"https:\/\/encuentroinformativo.com.mx\/index.php?rest_route=\/wp\/v2\/posts\/67648\/revisions"}],"predecessor-version":[{"id":67651,"href":"https:\/\/encuentroinformativo.com.mx\/index.php?rest_route=\/wp\/v2\/posts\/67648\/revisions\/67651"}],"wp:featuredmedia":[{"embeddable":true,"href":"https:\/\/encuentroinformativo.com.mx\/index.php?rest_route=\/wp\/v2\/media\/67649"}],"wp:attachment":[{"href":"https:\/\/encuentroinformativo.com.mx\/index.php?rest_route=%2Fwp%2Fv2%2Fmedia&parent=67648"}],"wp:term":[{"taxonomy":"category","embeddable":true,"href":"https:\/\/encuentroinformativo.com.mx\/index.php?rest_route=%2Fwp%2Fv2%2Fcategories&post=67648"},{"taxonomy":"post_tag","embeddable":true,"href":"https:\/\/encuentroinformativo.com.mx\/index.php?rest_route=%2Fwp%2Fv2%2Ftags&post=67648"}],"curies":[{"name":"wp","href":"https:\/\/api.w.org\/{rel}","templated":true}]}}