{"id":67655,"date":"2025-05-27T13:19:49","date_gmt":"2025-05-27T19:19:49","guid":{"rendered":"https:\/\/encuentroinformativo.com.mx\/?p=67655"},"modified":"2025-05-27T13:19:49","modified_gmt":"2025-05-27T19:19:49","slug":"en-altotonga-ivonne-trujillo-denuncio-ante-el-ople-violencia-politica","status":"publish","type":"post","link":"https:\/\/encuentroinformativo.com.mx\/?p=67655","title":{"rendered":"En Altotonga, Ivonne Trujillo denunci\u00f3 ante el OPLE violencia pol\u00edtica\u00a0"},"content":{"rendered":"<p><strong>Alejandro \u00c1vila<\/strong><\/p>\n<p>Altotonga, Ver.- La candidata a la alcald\u00eda de Altotonga por Movimiento Ciudadano, Ivonne Trujillo Ortiz, denunci\u00f3 ante el Organismo P\u00fablico Local Electoral (OPLE) violencia pol\u00edtica en raz\u00f3n de g\u00e9nero y delitos electorales, durante este cierre del proceso electoral.<\/p>\n<p>La emecista denunci\u00f3 que sus opositores, al percatarse de la falta de apoyo ciudadano, est\u00e1n recurriendo a actos il\u00edcitos como vandalismo contra su propaganda, agresiones en redes sociales y campa\u00f1as de difamaci\u00f3n; sin embargo, asegur\u00f3 que esto no mermar\u00e1 el cari\u00f1o y la confianza de la gente.<\/p>\n<p>&#8220;Soy una mujer independiente que representa un proyecto ciudadano con el que vamos a hacer historia&#8221;, expres\u00f3 Ivonne Trujillo, quien tambi\u00e9n declar\u00f3 ser maestra con una larga trayectoria.<\/p>\n<p>A\u00f1adi\u00f3 que, a pesar de los intentos por demeritar su labor acad\u00e9mica, sus estudiantes de muchas generaciones son testigos de su trabajo honrado y, destac\u00f3 su trayectoria como la diputada local m\u00e1s productiva en la historia del Distrito, demostrando as\u00ed su compromiso.<\/p>\n","protected":false},"excerpt":{"rendered":"<p>Alejandro \u00c1vila Altotonga, Ver.- La candidata a la alcald\u00eda de Altotonga por Movimiento Ciudadano, Ivonne Trujillo Ortiz, denunci\u00f3 ante el Organismo P\u00fablico Local Electoral (OPLE) violencia pol\u00edtica en raz\u00f3n de g\u00e9nero y delitos electorales, durante este cierre del proceso electoral. La emecista denunci\u00f3 que sus opositores, al percatarse de la falta de apoyo ciudadano, est\u00e1n [&hellip;]<\/p>\n","protected":false},"author":2476,"featured_media":67656,"comment_status":"open","ping_status":"open","sticky":false,"template":"","format":"standard","meta":{"_jetpack_memberships_contains_paid_content":false,"footnotes":""},"categories":[8],"tags":[],"class_list":["post-67655","post","type-post","status-publish","format-standard","has-post-thumbnail","hentry","category-region"],"jetpack_featured_media_url":"https:\/\/encuentroinformativo.com.mx\/wp-content\/uploads\/2025\/05\/IMG-20250527-WA00802.jpg","jetpack_sharing_enabled":true,"jetpack_likes_enabled":true,"amp_enabled":true,"_links":{"self":[{"href":"https:\/\/encuentroinformativo.com.mx\/index.php?rest_route=\/wp\/v2\/posts\/67655","targetHints":{"allow":["GET"]}}],"collection":[{"href":"https:\/\/encuentroinformativo.com.mx\/index.php?rest_route=\/wp\/v2\/posts"}],"about":[{"href":"https:\/\/encuentroinformativo.com.mx\/index.php?rest_route=\/wp\/v2\/types\/post"}],"author":[{"embeddable":true,"href":"https:\/\/encuentroinformativo.com.mx\/index.php?rest_route=\/wp\/v2\/users\/2476"}],"replies":[{"embeddable":true,"href":"https:\/\/encuentroinformativo.com.mx\/index.php?rest_route=%2Fwp%2Fv2%2Fcomments&post=67655"}],"version-history":[{"count":1,"href":"https:\/\/encuentroinformativo.com.mx\/index.php?rest_route=\/wp\/v2\/posts\/67655\/revisions"}],"predecessor-version":[{"id":67657,"href":"https:\/\/encuentroinformativo.com.mx\/index.php?rest_route=\/wp\/v2\/posts\/67655\/revisions\/67657"}],"wp:featuredmedia":[{"embeddable":true,"href":"https:\/\/encuentroinformativo.com.mx\/index.php?rest_route=\/wp\/v2\/media\/67656"}],"wp:attachment":[{"href":"https:\/\/encuentroinformativo.com.mx\/index.php?rest_route=%2Fwp%2Fv2%2Fmedia&parent=67655"}],"wp:term":[{"taxonomy":"category","embeddable":true,"href":"https:\/\/encuentroinformativo.com.mx\/index.php?rest_route=%2Fwp%2Fv2%2Fcategories&post=67655"},{"taxonomy":"post_tag","embeddable":true,"href":"https:\/\/encuentroinformativo.com.mx\/index.php?rest_route=%2Fwp%2Fv2%2Ftags&post=67655"}],"curies":[{"name":"wp","href":"https:\/\/api.w.org\/{rel}","templated":true}]}}