{"id":67658,"date":"2025-05-27T13:30:41","date_gmt":"2025-05-27T19:30:41","guid":{"rendered":"https:\/\/encuentroinformativo.com.mx\/?p=67658"},"modified":"2025-05-27T13:30:41","modified_gmt":"2025-05-27T19:30:41","slug":"en-veracruz-estamos-en-contra-de-los-acordeones-manuel-huerta","status":"publish","type":"post","link":"https:\/\/encuentroinformativo.com.mx\/?p=67658","title":{"rendered":"En Veracruz estamos en contra de los acordeones: Manuel Huerta"},"content":{"rendered":"<p><strong>Alejandro \u00c1vila<\/strong><\/p>\n<p>Veracruz, Ver.- El Senador, Manuel Huerta Ladr\u00f3n de Guevara asegur\u00f3 que, los mexicanos ya no son influenciables, por lo cual votan libres y con conciencia, evitando as\u00ed que les digan a la oreja por cu\u00e1l aspirante deben emitir su sufragio.<\/p>\n<p>El morenista aclar\u00f3 que ha sido un ferviente luchador de la democracia en M\u00e9xico, por lo cual dijo estar en contra de los famosos &#8220;acordeones&#8221;, donde presuntamente se le dir\u00e1 a la ciudadan\u00eda por qu\u00e9 candidatos al Poder Judicial deben votar.<\/p>\n<p>&#8220;No debe de ser, nosotros queremos el voto de las personas de conciencia, yo he luchado en mi vida por eso, llevo m\u00e1s de dos terceras partes de mi vida luchando por la democracia y ya parece que voy a estar soplandole a la oreja a alguien por qui\u00e9n votar. Muchos no saben de eso porque no lo han vivido, no saben lo que es luchar contra los gobiernos contra el estado mismo, nos oponemos a que eso ocurra y si ustedes saben denuncien y que digan los ciudadanos, pero no entienden a la gente, la gente ya est\u00e1 despierta, la gente ya no se deja soplar a la oreja ya la gente va a votar libre&#8221;, asest\u00f3.<\/p>\n","protected":false},"excerpt":{"rendered":"<p>Alejandro \u00c1vila Veracruz, Ver.- El Senador, Manuel Huerta Ladr\u00f3n de Guevara asegur\u00f3 que, los mexicanos ya no son influenciables, por lo cual votan libres y con conciencia, evitando as\u00ed que les digan a la oreja por cu\u00e1l aspirante deben emitir su sufragio. El morenista aclar\u00f3 que ha sido un ferviente luchador de la democracia en [&hellip;]<\/p>\n","protected":false},"author":2476,"featured_media":67659,"comment_status":"open","ping_status":"open","sticky":false,"template":"","format":"standard","meta":{"_jetpack_memberships_contains_paid_content":false,"footnotes":""},"categories":[2],"tags":[],"class_list":["post-67658","post","type-post","status-publish","format-standard","has-post-thumbnail","hentry","category-estado"],"jetpack_featured_media_url":"https:\/\/encuentroinformativo.com.mx\/wp-content\/uploads\/2025\/05\/IMG-20250527-WA00912-scaled.jpg","jetpack_sharing_enabled":true,"jetpack_likes_enabled":true,"amp_enabled":true,"_links":{"self":[{"href":"https:\/\/encuentroinformativo.com.mx\/index.php?rest_route=\/wp\/v2\/posts\/67658","targetHints":{"allow":["GET"]}}],"collection":[{"href":"https:\/\/encuentroinformativo.com.mx\/index.php?rest_route=\/wp\/v2\/posts"}],"about":[{"href":"https:\/\/encuentroinformativo.com.mx\/index.php?rest_route=\/wp\/v2\/types\/post"}],"author":[{"embeddable":true,"href":"https:\/\/encuentroinformativo.com.mx\/index.php?rest_route=\/wp\/v2\/users\/2476"}],"replies":[{"embeddable":true,"href":"https:\/\/encuentroinformativo.com.mx\/index.php?rest_route=%2Fwp%2Fv2%2Fcomments&post=67658"}],"version-history":[{"count":1,"href":"https:\/\/encuentroinformativo.com.mx\/index.php?rest_route=\/wp\/v2\/posts\/67658\/revisions"}],"predecessor-version":[{"id":67660,"href":"https:\/\/encuentroinformativo.com.mx\/index.php?rest_route=\/wp\/v2\/posts\/67658\/revisions\/67660"}],"wp:featuredmedia":[{"embeddable":true,"href":"https:\/\/encuentroinformativo.com.mx\/index.php?rest_route=\/wp\/v2\/media\/67659"}],"wp:attachment":[{"href":"https:\/\/encuentroinformativo.com.mx\/index.php?rest_route=%2Fwp%2Fv2%2Fmedia&parent=67658"}],"wp:term":[{"taxonomy":"category","embeddable":true,"href":"https:\/\/encuentroinformativo.com.mx\/index.php?rest_route=%2Fwp%2Fv2%2Fcategories&post=67658"},{"taxonomy":"post_tag","embeddable":true,"href":"https:\/\/encuentroinformativo.com.mx\/index.php?rest_route=%2Fwp%2Fv2%2Ftags&post=67658"}],"curies":[{"name":"wp","href":"https:\/\/api.w.org\/{rel}","templated":true}]}}