{"id":67667,"date":"2025-05-27T15:10:35","date_gmt":"2025-05-27T21:10:35","guid":{"rendered":"https:\/\/encuentroinformativo.com.mx\/?p=67667"},"modified":"2025-05-27T15:10:35","modified_gmt":"2025-05-27T21:10:35","slug":"rechaza-aspirante-a-magistrado-distribucion-de-listas-para-emitir-el-voto","status":"publish","type":"post","link":"https:\/\/encuentroinformativo.com.mx\/?p=67667","title":{"rendered":"Rechaza aspirante a Magistrado distribuci\u00f3n de listas para emitir el voto\u00a0"},"content":{"rendered":"<p><strong>Alejandro \u00c1vila<\/strong><\/p>\n<p>Veracruz, Ver.- Jorge Sebasti\u00e1n Mart\u00ednez Ladr\u00f3n de Guevara, aspirante a Magistrado del Tribunal Superior de Justicia de Veracruz en materia penal, llam\u00f3 a la ciudadan\u00eda a no dejarse influenciar por \u201cacordeones\u201d o listas predise\u00f1adas con nombres y n\u00fameros de candidatos que est\u00e1n circulando previo a la jornada electoral.<\/p>\n<p>\u201c\u00daltimamente han salido notas, he visto que han salido acordeones que los reparten en el centro. Yo invito a la ciudadan\u00eda a que vean los perfiles, investiguen qui\u00e9nes son sus candidatos y, si los convencen, voten por ellos\u201d, afirm\u00f3.<\/p>\n<p>Mart\u00ednez Ladr\u00f3n de Guevara recomend\u00f3 que, si la ciudadan\u00eda desea llevar una gu\u00eda al momento de emitir su voto, lo ideal es que sea hecha por ellos mismos. \u201cYo s\u00ed recomendar\u00eda que cada quien haga su acorde\u00f3n o simplemente vaya a votar por el candidato que considere, porque si no, la elecci\u00f3n tambi\u00e9n se va a volver algo tediosa. Son 10 boletas ese d\u00eda\u201d, expres\u00f3.<\/p>\n<p>El funcionario judicial record\u00f3 que esta elecci\u00f3n, in\u00e9dita en la historia del pa\u00eds, implica elegir a jueces y magistrados, adem\u00e1s de cargos legislativos y ejecutivos federales y locales. \u201cMi boleta es rosada y yo soy el n\u00famero 58\u201d, puntualiz\u00f3.<\/p>\n<p>Durante su mensaje, reiter\u00f3 su compromiso de actuar con legalidad, objetividad e imparcialidad. \u201cLo que ofrezco es una justicia pronta, expedita, imparcial, objetiva, pero sobre todo legal, apegada a derecho\u201d, se\u00f1al\u00f3.<\/p>\n<p>Mart\u00ednez sostuvo que su perfil combina experiencia en el Poder Judicial, formaci\u00f3n acad\u00e9mica y disposici\u00f3n de servicio. \u201cSoy actualmente secretario de estudio y cuenta en el Tribunal de Conciliaci\u00f3n y Arbitraje. He sido actuario, jefe de capacitaci\u00f3n, asesor de presidencia y he trabajado en el Poder Judicial de la Federaci\u00f3n, en el Tribunal Electoral y en diversas salas\u201d, explic\u00f3.<\/p>\n<p>En relaci\u00f3n con la desigualdad de condiciones entre candidatos que ya ocupan cargos judiciales y quienes no, subray\u00f3 que esta elecci\u00f3n busca renovar al Poder Judicial con perfiles nuevos.<\/p>\n<p>\u201cUna de estas reformas precisamente es porque quer\u00edan cambiar el Poder Judicial de fondo. Es importante que lleguen personas con conocimiento, con experiencia y, sobre todo, con la energ\u00eda de hacer las cosas como debe ser\u201d, dijo.<\/p>\n<p>Sobre las demoras en la impartici\u00f3n de justicia, sostuvo que uno de los principales retos es resolver con prontitud pese a las limitaciones. \u201cHay poco personal en el Poder Judicial del Estado. Sin embargo, considero que las personas capaces pueden llegar y hacer lo suyo en el tiempo adecuado. Lo que se requiere es agilizar procesos y trabajar de manera coordinada con fiscal\u00edas, abogados y otras instituciones\u201d, afirm\u00f3.<\/p>\n<p>Finalmente, invit\u00f3 a la ciudadan\u00eda a reflexionar el voto, informarse y participar con responsabilidad. \u201cEstas elecciones son la primera vez en la historia del pa\u00eds que se van a realizar. Es comprensible que haya dudas, pero estamos aqu\u00ed para explicarlo y para dar la cara\u201d, concluy\u00f3.<\/p>\n","protected":false},"excerpt":{"rendered":"<p>Alejandro \u00c1vila Veracruz, Ver.- Jorge Sebasti\u00e1n Mart\u00ednez Ladr\u00f3n de Guevara, aspirante a Magistrado del Tribunal Superior de Justicia de Veracruz en materia penal, llam\u00f3 a la ciudadan\u00eda a no dejarse influenciar por \u201cacordeones\u201d o listas predise\u00f1adas con nombres y n\u00fameros de candidatos que est\u00e1n circulando previo a la jornada electoral. \u201c\u00daltimamente han salido notas, he [&hellip;]<\/p>\n","protected":false},"author":2476,"featured_media":67668,"comment_status":"open","ping_status":"open","sticky":false,"template":"","format":"standard","meta":{"_jetpack_memberships_contains_paid_content":false,"footnotes":""},"categories":[2],"tags":[],"class_list":["post-67667","post","type-post","status-publish","format-standard","has-post-thumbnail","hentry","category-estado"],"jetpack_featured_media_url":"https:\/\/encuentroinformativo.com.mx\/wp-content\/uploads\/2025\/05\/IMG-20250527-WA00992-scaled.jpg","jetpack_sharing_enabled":true,"jetpack_likes_enabled":true,"amp_enabled":true,"_links":{"self":[{"href":"https:\/\/encuentroinformativo.com.mx\/index.php?rest_route=\/wp\/v2\/posts\/67667","targetHints":{"allow":["GET"]}}],"collection":[{"href":"https:\/\/encuentroinformativo.com.mx\/index.php?rest_route=\/wp\/v2\/posts"}],"about":[{"href":"https:\/\/encuentroinformativo.com.mx\/index.php?rest_route=\/wp\/v2\/types\/post"}],"author":[{"embeddable":true,"href":"https:\/\/encuentroinformativo.com.mx\/index.php?rest_route=\/wp\/v2\/users\/2476"}],"replies":[{"embeddable":true,"href":"https:\/\/encuentroinformativo.com.mx\/index.php?rest_route=%2Fwp%2Fv2%2Fcomments&post=67667"}],"version-history":[{"count":1,"href":"https:\/\/encuentroinformativo.com.mx\/index.php?rest_route=\/wp\/v2\/posts\/67667\/revisions"}],"predecessor-version":[{"id":67669,"href":"https:\/\/encuentroinformativo.com.mx\/index.php?rest_route=\/wp\/v2\/posts\/67667\/revisions\/67669"}],"wp:featuredmedia":[{"embeddable":true,"href":"https:\/\/encuentroinformativo.com.mx\/index.php?rest_route=\/wp\/v2\/media\/67668"}],"wp:attachment":[{"href":"https:\/\/encuentroinformativo.com.mx\/index.php?rest_route=%2Fwp%2Fv2%2Fmedia&parent=67667"}],"wp:term":[{"taxonomy":"category","embeddable":true,"href":"https:\/\/encuentroinformativo.com.mx\/index.php?rest_route=%2Fwp%2Fv2%2Fcategories&post=67667"},{"taxonomy":"post_tag","embeddable":true,"href":"https:\/\/encuentroinformativo.com.mx\/index.php?rest_route=%2Fwp%2Fv2%2Ftags&post=67667"}],"curies":[{"name":"wp","href":"https:\/\/api.w.org\/{rel}","templated":true}]}}