{"id":6767,"date":"2020-10-10T15:52:48","date_gmt":"2020-10-10T20:52:48","guid":{"rendered":"https:\/\/encuentroinformativo.com.mx\/?p=6767"},"modified":"2020-10-10T15:52:51","modified_gmt":"2020-10-10T20:52:51","slug":"mantienen-antorchistas-reclamos-para-localizar-a-sus-militantes","status":"publish","type":"post","link":"https:\/\/encuentroinformativo.com.mx\/?p=6767","title":{"rendered":"Mantienen antorchistas reclamos para localizar a sus militantes"},"content":{"rendered":"\n<p><strong>Dar\u00edo Pale <\/strong><\/p>\n\n\n\n<p>Xalapa, Ver.- De nueva cuenta integrantes de Antorcha Campesina bloquearon el centro de la Capital del estado gritando las\u00a0consignas de &#8220;alto a la represi\u00f3n&#8221;, en contra de su organizaci\u00f3n y reclamando este s\u00e1bado la presentaci\u00f3n con vida de sus compa\u00f1eros desaparecidos en el municipio de Veracruz.<\/p>\n\n\n\n<p>Por segundo d\u00eda consecutivo, el primer cuadro de la Capital del Estado se mantuvo cerrado por unas horas a la circulaci\u00f3n en la calle de Enr\u00edquez donde integrantes de Antorcha Campesina se manifestaron para solicitar la aparici\u00f3n de sus compa\u00f1eros que desaparecidos en d\u00edas pasados.<\/p>\n\n\n\n<p>En esta ocasi\u00f3n, los manifestantes desplegaron pancartas con la leyenda &#8220;Alto a la represi\u00f3n&#8221;, dirigida al Poder Ejecutivo, a quien acusan de omisi\u00f3n para buscar a cuatro integrantes de Antorcha desaparecidos en el puerto Jarocho.<\/p>\n\n\n\n<p>Por \u00faltimo dieron a conocer que los casos de Juan Mart\u00ednez Santos, L\u00e1zaro Jim\u00e9nez Reyes, Antonio Gonz\u00e1lez Covarrubias y Leonel del \u00c1ngel de la Cruz, siendo que la \u00faltima vez que se les vio con vida fue en la Reserva Territorial Vergara Tarimoya 4.<\/p>\n","protected":false},"excerpt":{"rendered":"<p>Dar\u00edo Pale Xalapa, Ver.- De nueva cuenta integrantes de Antorcha Campesina bloquearon el centro de la Capital del estado gritando las\u00a0consignas de &#8220;alto a la represi\u00f3n&#8221;, en contra de su organizaci\u00f3n y reclamando este s\u00e1bado la presentaci\u00f3n con vida de sus compa\u00f1eros desaparecidos en el municipio de Veracruz. Por segundo d\u00eda consecutivo, el primer cuadro [&hellip;]<\/p>\n","protected":false},"author":1,"featured_media":6768,"comment_status":"open","ping_status":"open","sticky":false,"template":"","format":"standard","meta":{"_jetpack_memberships_contains_paid_content":false,"footnotes":""},"categories":[3],"tags":[],"class_list":["post-6767","post","type-post","status-publish","format-standard","has-post-thumbnail","hentry","category-xalapa"],"jetpack_featured_media_url":"https:\/\/encuentroinformativo.com.mx\/wp-content\/uploads\/2020\/10\/7239DF20-8EBB-4672-AF64-50C3BF5D839D.jpeg","jetpack_sharing_enabled":true,"jetpack_likes_enabled":true,"amp_enabled":true,"_links":{"self":[{"href":"https:\/\/encuentroinformativo.com.mx\/index.php?rest_route=\/wp\/v2\/posts\/6767","targetHints":{"allow":["GET"]}}],"collection":[{"href":"https:\/\/encuentroinformativo.com.mx\/index.php?rest_route=\/wp\/v2\/posts"}],"about":[{"href":"https:\/\/encuentroinformativo.com.mx\/index.php?rest_route=\/wp\/v2\/types\/post"}],"author":[{"embeddable":true,"href":"https:\/\/encuentroinformativo.com.mx\/index.php?rest_route=\/wp\/v2\/users\/1"}],"replies":[{"embeddable":true,"href":"https:\/\/encuentroinformativo.com.mx\/index.php?rest_route=%2Fwp%2Fv2%2Fcomments&post=6767"}],"version-history":[{"count":1,"href":"https:\/\/encuentroinformativo.com.mx\/index.php?rest_route=\/wp\/v2\/posts\/6767\/revisions"}],"predecessor-version":[{"id":6769,"href":"https:\/\/encuentroinformativo.com.mx\/index.php?rest_route=\/wp\/v2\/posts\/6767\/revisions\/6769"}],"wp:featuredmedia":[{"embeddable":true,"href":"https:\/\/encuentroinformativo.com.mx\/index.php?rest_route=\/wp\/v2\/media\/6768"}],"wp:attachment":[{"href":"https:\/\/encuentroinformativo.com.mx\/index.php?rest_route=%2Fwp%2Fv2%2Fmedia&parent=6767"}],"wp:term":[{"taxonomy":"category","embeddable":true,"href":"https:\/\/encuentroinformativo.com.mx\/index.php?rest_route=%2Fwp%2Fv2%2Fcategories&post=6767"},{"taxonomy":"post_tag","embeddable":true,"href":"https:\/\/encuentroinformativo.com.mx\/index.php?rest_route=%2Fwp%2Fv2%2Ftags&post=6767"}],"curies":[{"name":"wp","href":"https:\/\/api.w.org\/{rel}","templated":true}]}}