{"id":67685,"date":"2025-05-28T12:03:32","date_gmt":"2025-05-28T18:03:32","guid":{"rendered":"https:\/\/encuentroinformativo.com.mx\/?p=67685"},"modified":"2025-05-28T12:03:32","modified_gmt":"2025-05-28T18:03:32","slug":"padres-demandan-reinstalacion-de-maestra-en-kinder-genoveva-cortes","status":"publish","type":"post","link":"https:\/\/encuentroinformativo.com.mx\/?p=67685","title":{"rendered":"Padres demandan reinstalaci\u00f3n de maestra en kinder &#8220;Genoveva Cort\u00e9s&#8221;"},"content":{"rendered":"<p><strong>Dar\u00edo Pale<\/strong><\/p>\n<p>Xalapa, Ver.- Padres de familia del Jard\u00edn de Ni\u00f1os Genoveva Cort\u00e9s, ubicado en Circuito Quetzalc\u00f3atl s\/n, Colonia Santa B\u00e1rbara, se manifestaron en las instalaciones del plantel para exigir la reinstalaci\u00f3n de una maestra.<\/p>\n<p>Con la finalidad de exigir la reintegraci\u00f3n de la maestra titular del grupo de 1\u00b0A, quien fue separada de sus funciones de manera abrupta el pasado 14 de mayo, tras una denuncia an\u00f3nima por presunto maltrato infantil presentada ante el SIPINNA.<\/p>\n<p>Seg\u00fan testimonios de los padres, la directora del plantel, Lancy, notific\u00f3 a la docente por v\u00eda telef\u00f3nica sobre una &#8220;medida preventiva&#8221; sin especificar los motivos concretos de la acusaci\u00f3n ni entregar un documento oficial que sustentara la separaci\u00f3n.<\/p>\n<p>Esto ha generado indignaci\u00f3n entre los padres, quienes aseguran que la maestra fue removida sin derecho a defensa y sin que se les informar\u00e1 claramente sobre su ausencia.<\/p>\n<p>Los padres denuncian que la directora ha dado versiones inconsistentes sobre la situaci\u00f3n de la docente: primero argument\u00f3 que estaba en una &#8220;comisi\u00f3n&#8221;, luego que &#8220;no depend\u00eda de ella&#8221; y finalmente se enteraron, mediante rumores, del supuesto proceso en su contra.<\/p>\n<p>&#8220;Exigimos que nuestra maestra regrese. Si la madre que present\u00f3 la queja tiene un problema personal, que lo resuelva sin afectar a nuestros hijos&#8221;, expresaron.<\/p>\n<p>Adem\u00e1s, se\u00f1alaron que, desde la salida de la docente, el grupo ha estado a cargo de distintas suplentes sin continuidad pedag\u00f3gica: &#8220;No es una guarder\u00eda; nuestros hijos necesitan estabilidad&#8221;.<\/p>\n<p>Los padres tambi\u00e9n reportaron que, en estas dos semanas, han ocurrido incidentes con los menores que no ocurr\u00edan antes, como accidentes no reportados inicialmente. &#8220;Nos hacen firmar actas sin explicaciones claras&#8221;, denunciaron.<\/p>\n<p>Asimismo, cuestionaron el cobro recurrente de cuotas &#8220;opacas&#8221; para mantenimiento y materiales, sin claridad en el destino de los recursos. &#8220;Nos cobran hasta por prestarnos un cuento. Hay gastos sin justificaci\u00f3n y las decisiones se toman sin consultarnos&#8221;, afirmaron.<\/p>\n<p>Entre sus demandas piden esclarecer el caso, as\u00ed como:<\/p>\n<p>&#8211; La reintegraci\u00f3n inmediata de la maestra.<\/p>\n<p>&#8211; Transparencia en el proceso y en el manejo de recursos.<\/p>\n<p>&#8211; Garant\u00edas de que la docente concluya el ciclo escolar con el grupo.<\/p>\n<p>&#8220;\u00a1No m\u00e1s atole con el dedo! Queremos saber d\u00f3nde est\u00e1 nuestra maestra y que se haga justicia&#8221;, acusaron.<\/p>\n<p>Finalmente cabe se\u00f1alar que el plantel permanece en protesta pac\u00edfica mientras esperan una respuesta de las autoridades educativas.<\/p>\n","protected":false},"excerpt":{"rendered":"<p>Dar\u00edo Pale Xalapa, Ver.- Padres de familia del Jard\u00edn de Ni\u00f1os Genoveva Cort\u00e9s, ubicado en Circuito Quetzalc\u00f3atl s\/n, Colonia Santa B\u00e1rbara, se manifestaron en las instalaciones del plantel para exigir la reinstalaci\u00f3n de una maestra. Con la finalidad de exigir la reintegraci\u00f3n de la maestra titular del grupo de 1\u00b0A, quien fue separada de sus [&hellip;]<\/p>\n","protected":false},"author":2476,"featured_media":67686,"comment_status":"open","ping_status":"open","sticky":false,"template":"","format":"standard","meta":{"_jetpack_memberships_contains_paid_content":false,"footnotes":""},"categories":[3],"tags":[],"class_list":["post-67685","post","type-post","status-publish","format-standard","has-post-thumbnail","hentry","category-xalapa"],"jetpack_featured_media_url":"https:\/\/encuentroinformativo.com.mx\/wp-content\/uploads\/2025\/05\/IMG-20250528-WA0165.jpg","jetpack_sharing_enabled":true,"jetpack_likes_enabled":true,"amp_enabled":true,"_links":{"self":[{"href":"https:\/\/encuentroinformativo.com.mx\/index.php?rest_route=\/wp\/v2\/posts\/67685","targetHints":{"allow":["GET"]}}],"collection":[{"href":"https:\/\/encuentroinformativo.com.mx\/index.php?rest_route=\/wp\/v2\/posts"}],"about":[{"href":"https:\/\/encuentroinformativo.com.mx\/index.php?rest_route=\/wp\/v2\/types\/post"}],"author":[{"embeddable":true,"href":"https:\/\/encuentroinformativo.com.mx\/index.php?rest_route=\/wp\/v2\/users\/2476"}],"replies":[{"embeddable":true,"href":"https:\/\/encuentroinformativo.com.mx\/index.php?rest_route=%2Fwp%2Fv2%2Fcomments&post=67685"}],"version-history":[{"count":1,"href":"https:\/\/encuentroinformativo.com.mx\/index.php?rest_route=\/wp\/v2\/posts\/67685\/revisions"}],"predecessor-version":[{"id":67687,"href":"https:\/\/encuentroinformativo.com.mx\/index.php?rest_route=\/wp\/v2\/posts\/67685\/revisions\/67687"}],"wp:featuredmedia":[{"embeddable":true,"href":"https:\/\/encuentroinformativo.com.mx\/index.php?rest_route=\/wp\/v2\/media\/67686"}],"wp:attachment":[{"href":"https:\/\/encuentroinformativo.com.mx\/index.php?rest_route=%2Fwp%2Fv2%2Fmedia&parent=67685"}],"wp:term":[{"taxonomy":"category","embeddable":true,"href":"https:\/\/encuentroinformativo.com.mx\/index.php?rest_route=%2Fwp%2Fv2%2Fcategories&post=67685"},{"taxonomy":"post_tag","embeddable":true,"href":"https:\/\/encuentroinformativo.com.mx\/index.php?rest_route=%2Fwp%2Fv2%2Ftags&post=67685"}],"curies":[{"name":"wp","href":"https:\/\/api.w.org\/{rel}","templated":true}]}}